{"id":6879,"date":"2024-07-14T15:03:04","date_gmt":"2024-07-14T13:03:04","guid":{"rendered":"https:\/\/www.acdpa.net\/2012WP\/?p=6879"},"modified":"2024-07-15T16:11:13","modified_gmt":"2024-07-15T14:11:13","slug":"stage-dete-2024","status":"publish","type":"post","link":"https:\/\/www.acdpa.net\/2012WP\/?p=6879","title":{"rendered":"Stage d&rsquo;\u00c9t\u00e9 2024"},"content":{"rendered":"\n<p class=\"has-medium-font-size\">La troupe \u00ab\u00a0Teenager\u00a0\u00bb partira&nbsp;le <strong><span style=\"text-decoration: underline;\">Samedi 27 Juillet<\/span><\/strong> pour une semaine magique \u00e0 <strong>Ch\u00e9digny<\/strong>.<\/p>\n\n\n\n<p class=\"has-medium-font-size\"> Le point&nbsp;d&rsquo;ancrage de ce stage est le <strong><a href=\"https:\/\/www.lasaulaie.fr\/fr\/\" target=\"_blank\" rel=\"noreferrer noopener\">V.V.F. La Saulaie<\/a><\/strong> :<\/p>\n\n\n<div class=\"wp-block-image is-style-default\">\n<figure class=\"aligncenter size-full\"><a href=\"https:\/\/www.lasaulaie.fr\/fr\/\" target=\"_blank\" rel=\"noreferrer noopener\"><img loading=\"lazy\" decoding=\"async\" width=\"587\" height=\"414\" src=\"https:\/\/www.acdpa.net\/2012WP\/wp-content\/uploads\/2024\/07\/2024-07-14-VVF-La-Saulaie.jpg\" alt=\"\" class=\"wp-image-6880\" srcset=\"https:\/\/www.acdpa.net\/2012WP\/wp-content\/uploads\/2024\/07\/2024-07-14-VVF-La-Saulaie.jpg 587w, https:\/\/www.acdpa.net\/2012WP\/wp-content\/uploads\/2024\/07\/2024-07-14-VVF-La-Saulaie-300x212.jpg 300w, https:\/\/www.acdpa.net\/2012WP\/wp-content\/uploads\/2024\/07\/2024-07-14-VVF-La-Saulaie-425x300.jpg 425w\" sizes=\"auto, (max-width: 587px) 100vw, 587px\" \/><\/a><\/figure>\n<\/div>\n\n\n<p class=\"has-medium-font-size\"><marquee><strong>Au programme :<\/strong> musique et&#8230; balades, dans cette r\u00e9gion\u00a0magnifique, situ\u00e9e pr\u00e8s des <strong>Ch\u00e2teaux de la Loire.<\/strong><\/marquee><\/p>\n\n\n<div class=\"wp-block-image is-style-default\">\n<figure class=\"aligncenter size-full\"><a href=\"https:\/\/www.acdpa.net\/2012WP\/wp-content\/uploads\/2024\/07\/2024-07-28-Atelier-Spectacle_Chedigny_Affiche.jpg\" data-rel=\"lightbox-image-0\" data-rl_title=\"\" data-rl_caption=\"Stage d&#039;\u00e9t\u00e9 2024 (affiche)\" title=\"\"><img loading=\"lazy\" decoding=\"async\" width=\"567\" height=\"419\" src=\"https:\/\/www.acdpa.net\/2012WP\/wp-content\/uploads\/2024\/07\/2024-07-28-Atelier-Spectacle_Chedigny_Affiche.jpg\" alt=\"\" class=\"wp-image-6881\" srcset=\"https:\/\/www.acdpa.net\/2012WP\/wp-content\/uploads\/2024\/07\/2024-07-28-Atelier-Spectacle_Chedigny_Affiche.jpg 567w, https:\/\/www.acdpa.net\/2012WP\/wp-content\/uploads\/2024\/07\/2024-07-28-Atelier-Spectacle_Chedigny_Affiche-300x222.jpg 300w, https:\/\/www.acdpa.net\/2012WP\/wp-content\/uploads\/2024\/07\/2024-07-28-Atelier-Spectacle_Chedigny_Affiche-406x300.jpg 406w\" sizes=\"auto, (max-width: 567px) 100vw, 567px\" \/><\/a><\/figure>\n<\/div>\n\n\n<p class=\"has-medium-font-size\"><span style=\"text-decoration: underline;\"><strong>\u00c2ge :<\/strong><\/span> 11 \u00e0 18 ans, et musiciens et\/ou chanteurs&nbsp;en herbe&#8230; bienvenus&nbsp;!!!<\/p>\n\n\n\n<p class=\"has-text-align-center has-medium-font-size\">N&rsquo;h\u00e9sitez pas \u00e0 contacter <a href=\"https:\/\/www.acdpa.net\/2012WP\/?p=6637\" data-type=\"link\" data-id=\"https:\/\/www.acdpa.net\/2012WP\/?p=6637\" target=\"_blank\" rel=\"noreferrer noopener\">J<strong>ean-Luc SALMON<\/strong><\/a> au 06 82 95 10 16<\/p>\n","protected":false},"excerpt":{"rendered":"<p>La troupe \u00ab\u00a0Teenager\u00a0\u00bb partira&nbsp;le Samedi 27 Juillet pour une semaine magique \u00e0 Ch\u00e9digny. Le point&nbsp;d&rsquo;ancrage de ce stage est le V.V.F. La Saulaie : Au programme : musique et&#8230; balades, dans cette r\u00e9gion\u00a0magnifique, situ\u00e9e pr\u00e8s des Ch\u00e2teaux de la Loire. &hellip; <a href=\"https:\/\/www.acdpa.net\/2012WP\/?p=6879\">Continuer la lecture <span class=\"meta-nav\">&rarr;<\/span><\/a><\/p>\n","protected":false},"author":2,"featured_media":6881,"comment_status":"open","ping_status":"open","sticky":false,"template":"","format":"standard","meta":{"footnotes":""},"categories":[46,4],"tags":[],"class_list":["post-6879","post","type-post","status-publish","format-standard","has-post-thumbnail","hentry","category-calendrier","category-teenager"],"_links":{"self":[{"href":"https:\/\/www.acdpa.net\/2012WP\/index.php?rest_route=\/wp\/v2\/posts\/6879","targetHints":{"allow":["GET"]}}],"collection":[{"href":"https:\/\/www.acdpa.net\/2012WP\/index.php?rest_route=\/wp\/v2\/posts"}],"about":[{"href":"https:\/\/www.acdpa.net\/2012WP\/index.php?rest_route=\/wp\/v2\/types\/post"}],"author":[{"embeddable":true,"href":"https:\/\/www.acdpa.net\/2012WP\/index.php?rest_route=\/wp\/v2\/users\/2"}],"replies":[{"embeddable":true,"href":"https:\/\/www.acdpa.net\/2012WP\/index.php?rest_route=%2Fwp%2Fv2%2Fcomments&post=6879"}],"version-history":[{"count":8,"href":"https:\/\/www.acdpa.net\/2012WP\/index.php?rest_route=\/wp\/v2\/posts\/6879\/revisions"}],"predecessor-version":[{"id":6892,"href":"https:\/\/www.acdpa.net\/2012WP\/index.php?rest_route=\/wp\/v2\/posts\/6879\/revisions\/6892"}],"wp:featuredmedia":[{"embeddable":true,"href":"https:\/\/www.acdpa.net\/2012WP\/index.php?rest_route=\/wp\/v2\/media\/6881"}],"wp:attachment":[{"href":"https:\/\/www.acdpa.net\/2012WP\/index.php?rest_route=%2Fwp%2Fv2%2Fmedia&parent=6879"}],"wp:term":[{"taxonomy":"category","embeddable":true,"href":"https:\/\/www.acdpa.net\/2012WP\/index.php?rest_route=%2Fwp%2Fv2%2Fcategories&post=6879"},{"taxonomy":"post_tag","embeddable":true,"href":"https:\/\/www.acdpa.net\/2012WP\/index.php?rest_route=%2Fwp%2Fv2%2Ftags&post=6879"}],"curies":[{"name":"wp","href":"https:\/\/api.w.org\/{rel}","templated":true}]}}