{"id":6108,"date":"2022-12-16T08:00:00","date_gmt":"2022-12-16T06:00:00","guid":{"rendered":"https:\/\/www.acdpa.net\/2012WP\/?p=6108"},"modified":"2022-12-16T18:18:20","modified_gmt":"2022-12-16T16:18:20","slug":"spectacle-a-sarcelles-vendredi-23-decembre-2022-a-20h00","status":"publish","type":"post","link":"https:\/\/www.acdpa.net\/2012WP\/?p=6108","title":{"rendered":"Spectacle \u00e0 Sarcelles, Vendredi 23 D\u00e9cembre 2022, \u00e0 20H00"},"content":{"rendered":"\n<div class=\"wp-block-group is-vertical is-content-justification-center is-layout-flex wp-container-core-group-is-layout-4b2eccd6 wp-block-group-is-layout-flex\">\n<p class=\"has-text-align-center\" style=\"font-style:normal;font-weight:600\">Les Teenagers de Sarcelles y f\u00eateront leur 33\u00e8me anniversaire&#8230;<\/p>\n\n\n\n<p class=\"has-text-align-center\" style=\"font-style:normal;font-weight:600\">&#8230; et ils auront \u00e0 leur c\u00f4t\u00e9 les jeunes am\u00e9ricains du <strong>Boston City Lights<\/strong> (<strong>*<\/strong>)<\/p>\n<\/div>\n\n\n<div class=\"wp-block-image is-style-default\">\n<figure class=\"aligncenter size-full\"><img loading=\"lazy\" decoding=\"async\" width=\"465\" height=\"255\" src=\"https:\/\/www.acdpa.net\/2012WP\/wp-content\/uploads\/2022\/12\/j6-spectacle-modifie-2.jpg\" alt=\"\" class=\"wp-image-6137\" srcset=\"https:\/\/www.acdpa.net\/2012WP\/wp-content\/uploads\/2022\/12\/j6-spectacle-modifie-2.jpg 465w, https:\/\/www.acdpa.net\/2012WP\/wp-content\/uploads\/2022\/12\/j6-spectacle-modifie-2-300x165.jpg 300w\" sizes=\"auto, (max-width: 465px) 100vw, 465px\" \/><\/figure>\n<\/div>\n\n\n<p class=\"has-text-align-center\" style=\"font-size:16px;font-style:normal;font-weight:600\">Nous vous attendons nombreux dans la <a rel=\"noreferrer noopener\" href=\"https:\/\/goo.gl\/maps\/SqEbMdzfjut7ayXe6\" target=\"_blank\">Salle Malraux de Sarcelles<\/a>,<br>le <strong><mark style=\"background-color:#e2e2e2\" class=\"has-inline-color has-black-color\">vendredi 23 d\u00e9cembre<\/mark><\/strong> 2022, \u00e0 <strong><mark style=\"background-color:#e2e2e2\" class=\"has-inline-color has-black-color\">20H00<\/mark><\/strong><\/p>\n\n\n\n<iframe src=\"https:\/\/www.google.com\/maps\/embed?pb=!1m18!1m12!1m3!1d2617.8408149741517!2d2.3755362!3d48.99458669999999!2m3!1f0!2f0!3f0!3m2!1i1024!2i768!4f13.1!3m3!1m2!1s0x47e6698b1660cefd%3A0x284d4bb880356bbc!2sSalle%20Andr%C3%A9-Malraux!5e0!3m2!1sfr!2sfr!4v1670253606529!5m2!1sfr!2sfr\" style=\"border:0;\" allowfullscreen=\"\" loading=\"lazy\" referrerpolicy=\"no-referrer-when-downgrade\" width=\"600\" height=\"450\"><\/iframe>\n\n\n\n<p> &nbsp;<\/p>\n\n\n\n<hr class=\"wp-block-separator has-alpha-channel-opacity has-blush-bordeaux-gradient-background has-background is-style-wide\"\/>\n\n\n\n<p>(<strong>*<\/strong>) Nous avons eu l&rsquo;occasion de vous raconter comment est n\u00e9e l&rsquo;amiti\u00e9 qui lie <strong>Jean-Luc SALMON<\/strong> et <strong>Teenager<\/strong> d&rsquo;un c\u00f4t\u00e9, et <strong>Duggan HILL<\/strong> et <strong>Boston City Lights<\/strong> de l&rsquo;autre, dans les articles pr\u00e9cedents :<\/p>\n\n\n\n<blockquote class=\"wp-block-quote is-layout-flow wp-block-quote-is-layout-flow\">\n<ul class=\"wp-block-list\">\n<li>31 octobre : \u00ab\u00a0<a rel=\"noreferrer noopener\" href=\"https:\/\/www.acdpa.net\/2012WP\/?p=5783\" target=\"_blank\">Une histoire qui a d\u00e9but\u00e9 en 2003\u2026<\/a>\u00a0\u00bb <\/li>\n\n\n\n<li>6 novembre : \u00ab\u00a0<a rel=\"noreferrer noopener\" href=\"https:\/\/www.acdpa.net\/2012WP\/?p=5828\" target=\"_blank\">Nouveau s\u00e9jour des Teenagers \u00e0 Boston (USA) du 28 octobre au 7 novembre 2007<\/a>\u00ab\u00a0<\/li>\n\n\n\n<li>20 novembre : \u00ab\u00a0<a rel=\"noreferrer noopener\" href=\"https:\/\/www.acdpa.net\/2012WP\/?p=5870\" target=\"_blank\">Teenager accueille les jeunes du Boston City Lights, le 6 janvier 2008<\/a>\u00a0\u00bb \u00e0 Sarcelles <\/li>\n<\/ul>\n<\/blockquote>\n\n\n\n<p>&nbsp;En cette ann\u00e9e 2022, pour la quatri\u00e8me fois, <strong>Boston City Lights <\/strong>vient en France (du 14 au 24 d\u00e9cembre) afin d\u2019offrir des d\u00e9monstrations-spectacles (30 minutes) de danse, de chant, et d\u2019un peu de th\u00e9\u00e2tre, suivi d\u2019ateliers de danse pour le public (45 minutes).<br>&nbsp;Les styles de danse vont du hip hop ou du krump au moderne ou cara\u00efbes ou dance hall. Le spectacle comprend \u00e9galement chant, musique (instruments), et un peu de th\u00e9\u00e2tre. Les jeunes de City Lights ont de 9 \u00e0 16 ans&nbsp;; il y aura huit membres de la troupe. Ces jeunes font partie de l\u2019\u00e9cole Boston City Lights.<\/p>\n\n\n\n<p><strong><span style=\"text-decoration: underline;\">Contact&nbsp;\u00ab\u00a0Boston City Lights\u00a0\u00bb :<\/span><\/strong><\/p>\n\n\n\n<blockquote class=\"wp-block-quote is-layout-flow wp-block-quote-is-layout-flow\">\n<ul class=\"wp-block-list\">\n<li>Tiane Donahue <a href=\"mailto:christiane.donahue@dartmouth.edu\">christiane.donahue@dartmouth.edu<\/a><\/li>\n\n\n\n<li>Braun Duggan (directeur et DJ Braun Dapper) <a href=\"mailto:braunduggan@gmail.com\">braunduggan@gmail.com<\/a><\/li>\n\n\n\n<li>Instagram&nbsp;: BostonCityLights86<\/li>\n\n\n\n<li>Site web&nbsp;: <a href=\"http:\/\/bclperformingarts.org\" target=\"_blank\" rel=\"noreferrer noopener\">bclperformingarts.org<\/a><\/li>\n<\/ul>\n<\/blockquote>\n","protected":false},"excerpt":{"rendered":"<p>Les Teenagers de Sarcelles y f\u00eateront leur 33\u00e8me anniversaire&#8230; &#8230; et ils auront \u00e0 leur c\u00f4t\u00e9 les jeunes am\u00e9ricains du Boston City Lights (*) Nous vous attendons nombreux dans la Salle Malraux de Sarcelles,le vendredi 23 d\u00e9cembre 2022, \u00e0 20H00 &hellip; <a href=\"https:\/\/www.acdpa.net\/2012WP\/?p=6108\">Continuer la lecture <span class=\"meta-nav\">&rarr;<\/span><\/a><\/p>\n","protected":false},"author":1,"featured_media":0,"comment_status":"open","ping_status":"open","sticky":false,"template":"","format":"standard","meta":{"footnotes":""},"categories":[46,4],"tags":[],"class_list":["post-6108","post","type-post","status-publish","format-standard","hentry","category-calendrier","category-teenager"],"_links":{"self":[{"href":"https:\/\/www.acdpa.net\/2012WP\/index.php?rest_route=\/wp\/v2\/posts\/6108","targetHints":{"allow":["GET"]}}],"collection":[{"href":"https:\/\/www.acdpa.net\/2012WP\/index.php?rest_route=\/wp\/v2\/posts"}],"about":[{"href":"https:\/\/www.acdpa.net\/2012WP\/index.php?rest_route=\/wp\/v2\/types\/post"}],"author":[{"embeddable":true,"href":"https:\/\/www.acdpa.net\/2012WP\/index.php?rest_route=\/wp\/v2\/users\/1"}],"replies":[{"embeddable":true,"href":"https:\/\/www.acdpa.net\/2012WP\/index.php?rest_route=%2Fwp%2Fv2%2Fcomments&post=6108"}],"version-history":[{"count":26,"href":"https:\/\/www.acdpa.net\/2012WP\/index.php?rest_route=\/wp\/v2\/posts\/6108\/revisions"}],"predecessor-version":[{"id":6248,"href":"https:\/\/www.acdpa.net\/2012WP\/index.php?rest_route=\/wp\/v2\/posts\/6108\/revisions\/6248"}],"wp:attachment":[{"href":"https:\/\/www.acdpa.net\/2012WP\/index.php?rest_route=%2Fwp%2Fv2%2Fmedia&parent=6108"}],"wp:term":[{"taxonomy":"category","embeddable":true,"href":"https:\/\/www.acdpa.net\/2012WP\/index.php?rest_route=%2Fwp%2Fv2%2Fcategories&post=6108"},{"taxonomy":"post_tag","embeddable":true,"href":"https:\/\/www.acdpa.net\/2012WP\/index.php?rest_route=%2Fwp%2Fv2%2Ftags&post=6108"}],"curies":[{"name":"wp","href":"https:\/\/api.w.org\/{rel}","templated":true}]}}