{"id":4350,"date":"2019-11-06T08:00:27","date_gmt":"2019-11-06T06:00:27","guid":{"rendered":"http:\/\/www.acdpa.net\/2012WP\/?p=4350"},"modified":"2019-12-01T17:44:48","modified_gmt":"2019-12-01T15:44:48","slug":"tresors-de-banlieues-samedi-30-novembre-2019","status":"publish","type":"post","link":"https:\/\/www.acdpa.net\/2012WP\/?p=4350","title":{"rendered":"Tr\u00e9sors de Banlieues, samedi 30 novembre 2019"},"content":{"rendered":"\n<p class=\"has-drop-cap\">Pour accompagner l\u2019exposition, l\u2019Acad\u00e9mie de Banlieues propose une <a href=\"https:\/\/tresorsdebanlieues.com\/programme\/\" target=\"_blank\" rel=\"noreferrer noopener\" aria-label=\"programmation de spectacles (s\u2019ouvre dans un nouvel onglet)\">programmation de spectacles<\/a> valorisant les artistes vivant ou travaillant en banlieue : <strong>interventions musicales<\/strong>, danse, arts de la rue, slameurs, conf\u00e9rences, th\u00e9\u00e2tre, cin\u00e9ma, arts visuels\u2026<\/p>\n\n\n\n<p style=\"font-size:22px;text-align:center\"><strong>Jean-Luc Salmon et les \u00ab&nbsp;Teenager&nbsp;\u00bb seront pr\u00e9sents<\/strong><br>sur sc\u00e8ne, une 2\u00e8me fois, <br>le <b><u>samedi 30 novembre \u00e0 15H00<\/u><\/b><\/p>\n\n\n\n<div class=\"wp-block-image\"><figure class=\"aligncenter\"><a href=\"https:\/\/tresorsdebanlieues.com\/programme\/\" target=\"_blank\" rel=\"noreferrer noopener\"><img loading=\"lazy\" decoding=\"async\" width=\"607\" height=\"671\" src=\"http:\/\/www.acdpa.net\/2012WP\/wp-content\/uploads\/2019\/10\/tbu-tresorsdebanlieue-prg.jpg\" alt=\"\" class=\"wp-image-4351\" srcset=\"https:\/\/www.acdpa.net\/2012WP\/wp-content\/uploads\/2019\/10\/tbu-tresorsdebanlieue-prg.jpg 607w, https:\/\/www.acdpa.net\/2012WP\/wp-content\/uploads\/2019\/10\/tbu-tresorsdebanlieue-prg-271x300.jpg 271w\" sizes=\"auto, (max-width: 607px) 100vw, 607px\" \/><\/a><\/figure><\/div>\n\n\n\n<p style=\"font-size:28px;text-align:center\"><strong>Venez nombreux les encourager &#x1f603;<\/strong><\/p>\n","protected":false},"excerpt":{"rendered":"<p>Pour accompagner l\u2019exposition, l\u2019Acad\u00e9mie de Banlieues propose une programmation de spectacles valorisant les artistes vivant ou travaillant en banlieue : interventions musicales, danse, arts de la rue, slameurs, conf\u00e9rences, th\u00e9\u00e2tre, cin\u00e9ma, arts visuels\u2026 Jean-Luc Salmon et les \u00ab&nbsp;Teenager&nbsp;\u00bb seront pr\u00e9sentssur &hellip; <a href=\"https:\/\/www.acdpa.net\/2012WP\/?p=4350\">Continuer la lecture <span class=\"meta-nav\">&rarr;<\/span><\/a><\/p>\n","protected":false},"author":1,"featured_media":0,"comment_status":"open","ping_status":"open","sticky":false,"template":"","format":"standard","meta":{"footnotes":""},"categories":[46,4],"tags":[],"class_list":["post-4350","post","type-post","status-publish","format-standard","hentry","category-calendrier","category-teenager"],"_links":{"self":[{"href":"https:\/\/www.acdpa.net\/2012WP\/index.php?rest_route=\/wp\/v2\/posts\/4350","targetHints":{"allow":["GET"]}}],"collection":[{"href":"https:\/\/www.acdpa.net\/2012WP\/index.php?rest_route=\/wp\/v2\/posts"}],"about":[{"href":"https:\/\/www.acdpa.net\/2012WP\/index.php?rest_route=\/wp\/v2\/types\/post"}],"author":[{"embeddable":true,"href":"https:\/\/www.acdpa.net\/2012WP\/index.php?rest_route=\/wp\/v2\/users\/1"}],"replies":[{"embeddable":true,"href":"https:\/\/www.acdpa.net\/2012WP\/index.php?rest_route=%2Fwp%2Fv2%2Fcomments&post=4350"}],"version-history":[{"count":9,"href":"https:\/\/www.acdpa.net\/2012WP\/index.php?rest_route=\/wp\/v2\/posts\/4350\/revisions"}],"predecessor-version":[{"id":4372,"href":"https:\/\/www.acdpa.net\/2012WP\/index.php?rest_route=\/wp\/v2\/posts\/4350\/revisions\/4372"}],"wp:attachment":[{"href":"https:\/\/www.acdpa.net\/2012WP\/index.php?rest_route=%2Fwp%2Fv2%2Fmedia&parent=4350"}],"wp:term":[{"taxonomy":"category","embeddable":true,"href":"https:\/\/www.acdpa.net\/2012WP\/index.php?rest_route=%2Fwp%2Fv2%2Fcategories&post=4350"},{"taxonomy":"post_tag","embeddable":true,"href":"https:\/\/www.acdpa.net\/2012WP\/index.php?rest_route=%2Fwp%2Fv2%2Ftags&post=4350"}],"curies":[{"name":"wp","href":"https:\/\/api.w.org\/{rel}","templated":true}]}}