{"id":3781,"date":"2019-03-04T08:00:33","date_gmt":"2019-03-04T06:00:33","guid":{"rendered":"http:\/\/www.acdpa.net\/2012WP\/?p=3781"},"modified":"2019-03-04T16:47:24","modified_gmt":"2019-03-04T14:47:24","slug":"stage-mer-et-musique-du-22-au-27-avril-2019","status":"publish","type":"post","link":"https:\/\/www.acdpa.net\/2012WP\/?p=3781","title":{"rendered":"Stage de P\u00e2ques \u00abMer et Musique\u00bb, du 22 au 27 AVRIL 2019"},"content":{"rendered":"<p><img loading=\"lazy\" decoding=\"async\" class=\"alignright wp-image-3782 size-full\" src=\"http:\/\/www.acdpa.net\/2012WP\/wp-content\/uploads\/2019\/02\/DILRAH.jpg\" alt=\"\" width=\"196\" height=\"135\" \/>Gr\u00e2ce \u00e0 la p\u00e9rennit\u00e9 de nos soutiens institutionnels, l<strong>&lsquo;A.C.D.P.A.<\/strong> propose, comme l&rsquo;an pass\u00e9, <strong>un stage de P\u00e2ques<\/strong> intitul\u00e9 \u00abMer et Musique\u00bb au CEAS du CNRS dans le Village \u00ab La Vieille Perrotine \u00bb \u00e0 <a href=\"http:\/\/www.saintpierreoleron.com\/\" target=\"_blank\" rel=\"noopener noreferrer\"><strong>St Pierre d\u2019Ol\u00e9ron\u00a0<\/strong><\/a> du <strong>22 au 27 Avril 2019<\/strong><\/p>\n<p><strong>Au programme :<\/strong><br \/>\n&#8211; en <span style=\"display: inline !important; float: none; background-color: transparent; color: #333333; cursor: text; font-family: 'Helvetica Neue',Helvetica,Arial,'Nimbus Sans L',sans-serif; font-size: 15px; font-style: normal; font-variant: normal; font-weight: 300; letter-spacing: normal; orphans: 2; text-align: left; text-decoration: none; text-indent: 0px; text-transform: none; -webkit-text-stroke-width: 0px; white-space: normal; word-spacing: 0px;\">matin\u00e9e et soir\u00e9e : <\/span>ateliers musicaux, avec une repr\u00e9sentation en fin de stage.<br \/>\n&#8211; en a<span style=\"display: inline !important; float: none; background-color: transparent; color: #333333; cursor: text; font-family: 'Helvetica Neue',Helvetica,Arial,'Nimbus Sans L',sans-serif; font-size: 15px; font-style: normal; font-variant: normal; font-weight: 300; letter-spacing: normal; orphans: 2; text-align: left; text-decoration: none; text-indent: 0px; text-transform: none; -webkit-text-stroke-width: 0px; white-space: normal; word-spacing: 0px;\">pr\u00e8s-midi : plage, piscine, excursions et autres balades en bateau<\/span><\/p>\n<p>Une vid\u00e9o d\u2019ensemble :\u00a0<a href=\"https:\/\/vimeo.com\/74630541\" target=\"_blank\" rel=\"noopener noreferrer\">view-source:https:\/\/vimeo.com\/74630541<\/a><\/p>\n<p>Pour vous faire une id\u00e9e du d\u00e9roulement des stages des <strong>3 ann\u00e9es pr\u00e9c\u00e9dentes<\/strong>, nous vous proposons d&rsquo;en visualiser nos galeries photos:<img loading=\"lazy\" decoding=\"async\" class=\"alignleft wp-image-3785 size-full\" src=\"http:\/\/www.acdpa.net\/2012WP\/wp-content\/uploads\/2019\/03\/Direction-d\u00e9partemantale-Coh\u00e9sion-Sociale.jpg\" alt=\"\" width=\"162\" height=\"90\" \/><\/p>\n<p>&#8211; <a href=\"http:\/\/www.acdpa.net\/2012WP\/?p=3384\" target=\"_blank\" rel=\"noopener noreferrer\">2018<\/a><br \/>\n&#8211; <a href=\"http:\/\/www.acdpa.net\/2012WP\/?p=3195\" target=\"_blank\" rel=\"noopener noreferrer\">2017<\/a><br \/>\n&#8211; <a href=\"http:\/\/www.acdpa.net\/2012WP\/?p=2920\" target=\"_blank\" rel=\"noopener noreferrer\">2016<\/a><\/p>\n<p>Outre la cotisation annuelle de 20\u20ac pour adh\u00e9rer \u00e0 l&rsquo;Association A.C.D.P.A., il est demand\u00e9 <strong>une Participation de 50\u20ac\u00a0<\/strong> ( incluant la prise en charge des transports, h\u00e9bergement et restauration)<\/p>\n<p><strong>Inscription et renseignements :<\/strong><br \/>\n&#8211; ACDPA : 06 82 95 10 16<br \/>\n&#8211; Maison des Jeunes et de la Culture, au 10 avenue Paul Val\u00e9ry, 95200 Sarcelles<\/p>\n<p>Attention : Places limit\u00e9es !<\/p>\n","protected":false},"excerpt":{"rendered":"<p>Gr\u00e2ce \u00e0 la p\u00e9rennit\u00e9 de nos soutiens institutionnels, l&lsquo;A.C.D.P.A. propose, comme l&rsquo;an pass\u00e9, un stage de P\u00e2ques intitul\u00e9 \u00abMer et Musique\u00bb au CEAS du CNRS dans le Village \u00ab La Vieille Perrotine \u00bb \u00e0 St Pierre d\u2019Ol\u00e9ron\u00a0 du 22 au &hellip; <a href=\"https:\/\/www.acdpa.net\/2012WP\/?p=3781\">Continuer la lecture <span class=\"meta-nav\">&rarr;<\/span><\/a><\/p>\n","protected":false},"author":1,"featured_media":0,"comment_status":"open","ping_status":"open","sticky":false,"template":"","format":"standard","meta":{"footnotes":""},"categories":[46,4],"tags":[],"class_list":["post-3781","post","type-post","status-publish","format-standard","hentry","category-calendrier","category-teenager"],"_links":{"self":[{"href":"https:\/\/www.acdpa.net\/2012WP\/index.php?rest_route=\/wp\/v2\/posts\/3781","targetHints":{"allow":["GET"]}}],"collection":[{"href":"https:\/\/www.acdpa.net\/2012WP\/index.php?rest_route=\/wp\/v2\/posts"}],"about":[{"href":"https:\/\/www.acdpa.net\/2012WP\/index.php?rest_route=\/wp\/v2\/types\/post"}],"author":[{"embeddable":true,"href":"https:\/\/www.acdpa.net\/2012WP\/index.php?rest_route=\/wp\/v2\/users\/1"}],"replies":[{"embeddable":true,"href":"https:\/\/www.acdpa.net\/2012WP\/index.php?rest_route=%2Fwp%2Fv2%2Fcomments&post=3781"}],"version-history":[{"count":12,"href":"https:\/\/www.acdpa.net\/2012WP\/index.php?rest_route=\/wp\/v2\/posts\/3781\/revisions"}],"predecessor-version":[{"id":3925,"href":"https:\/\/www.acdpa.net\/2012WP\/index.php?rest_route=\/wp\/v2\/posts\/3781\/revisions\/3925"}],"wp:attachment":[{"href":"https:\/\/www.acdpa.net\/2012WP\/index.php?rest_route=%2Fwp%2Fv2%2Fmedia&parent=3781"}],"wp:term":[{"taxonomy":"category","embeddable":true,"href":"https:\/\/www.acdpa.net\/2012WP\/index.php?rest_route=%2Fwp%2Fv2%2Fcategories&post=3781"},{"taxonomy":"post_tag","embeddable":true,"href":"https:\/\/www.acdpa.net\/2012WP\/index.php?rest_route=%2Fwp%2Fv2%2Ftags&post=3781"}],"curies":[{"name":"wp","href":"https:\/\/api.w.org\/{rel}","templated":true}]}}