{"id":3681,"date":"2019-02-03T08:00:34","date_gmt":"2019-02-03T06:00:34","guid":{"rendered":"http:\/\/www.acdpa.net\/2012WP\/?p=3681"},"modified":"2019-02-07T17:28:50","modified_gmt":"2019-02-07T15:28:50","slug":"photos-du-concert-une-voix-un-piano-de-jean-luc-salmon-le-29-mars-2014","status":"publish","type":"post","link":"https:\/\/www.acdpa.net\/2012WP\/?p=3681","title":{"rendered":"Photos du Concert \u00ab Une voix, un piano \u00bb de Jean-Luc SALMON, le 29 mars 2014"},"content":{"rendered":"\r\n<p>Bonjour,<\/p>\r\n\r\n\r\n\r\n<p>En cette ann\u00e9e 2019, qui sera marqu\u00e9e par le <strong>30<\/strong><sup><strong>\u00e8me<\/strong><\/sup><strong> anniversaire<\/strong> de l\u2019<strong>aventure TEENAGER<\/strong>, j\u2019ai \u00e9t\u00e9 recherch\u00e9 des photos marquantes, non pas dans de vieux cartons comme cela \u00e9tait l\u2019habitude avant les ann\u00e9es 2000, mais au niveau du 6<sup>\u00e8me<\/sup> embranchement de sous-dossiers de mes ressources informatiques\u2026<\/p>\r\n\r\n\r\n\r\n<p>J\u2019ai ainsi le plaisir de vous pr\u00e9senter <strong>36 photos<\/strong> du <strong>Concert de Jean-Luc Salmon<\/strong>, intitul\u00e9 \u00ab\u00a0Une voix, un piano\u00a0\u00bb (Titre qui pourrait avoir \u00e9t\u00e9 inspir\u00e9 par celui de son CD 2011 \u00ab\u00a0Des mots, un piano\u00a0\u00bb\u00a0!)<br \/>Il a eu lieu le <strong>29 mars 2014<\/strong> dans la Salle J. Bernier, \u00e0 <strong>Sarcelles<\/strong> village. <br \/>Outre sept remarquables \u00ab\u00a0Teenager\u00a0\u00bb, Jean-Luc \u00e9tait accompagn\u00e9 par <a href=\"http:\/\/www.jeremybruyeremusic.com\/\" target=\"_blank\" rel=\"noopener\"><strong>J\u00e9r\u00e9my BRUY\u00c8RE<\/strong><\/a>, \u00e0 la <strong>contre-basse<\/strong> (notamment).<\/p>\r\n\r\n<div class=\"rl-gallery-container\" id=\"rl-gallery-container-1\" data-gallery_id=\"0\"> <div class=\"rl-gallery-filter\"> <\/div> <div class=\"rl-gallery rl-masonry-gallery \" data-rl-animation=\"revealZoom\" id=\"rl-gallery-1\" data-gallery_no=\"1\"> <div class=\"rl-gutter-sizer\"><\/div><div class=\"rl-grid-sizer\"><\/div> <div class=\"rl-gallery-item rl-gallery-item-width-4\" > <div class=\"rl-gallery-item-content\"> <a href=\"https:\/\/www.acdpa.net\/2012WP\/wp-content\/uploads\/2019\/01\/o3t-concert-sarcelles-jls-01.jpg\" title=\"\" data-rl_title=\"\" class=\"rl-gallery-link\" data-rl_caption=\"Jean-Luc SALMON (\u00aboui... bon, c\u2019est comment d\u00e9j\u00e0 les paroles...\u00bb)\" data-rel=\"lightbox-gallery-1\"><img loading=\"lazy\" decoding=\"async\" src=\"https:\/\/www.acdpa.net\/2012WP\/wp-content\/uploads\/2019\/01\/o3t-concert-sarcelles-jls-01-225x300.jpg\" width=\"225\" height=\"300\" alt=\"Jean-Luc SALMON (\u00aboui... bon, c\u2019est comment d\u00e9j\u00e0 les paroles...\u00bb)\" \/><span class=\"rl-gallery-caption\"><span class=\"rl-gallery-item-caption\">Jean-Luc SALMON (\u00aboui... bon, c\u2019est comment d\u00e9j\u00e0 les paroles...\u00bb)<\/span><\/span><\/a> <\/div> <\/div> <div class=\"rl-gallery-item\" > <div class=\"rl-gallery-item-content\"> <a href=\"https:\/\/www.acdpa.net\/2012WP\/wp-content\/uploads\/2019\/01\/o3t-concert-sarcelles-jls-02.jpg\" title=\"\" data-rl_title=\"\" class=\"rl-gallery-link\" data-rl_caption=\"Jean-Luc (masquant J\u00e9r\u00e9my \u00e0 la contrebasse), Grace, (masquant Arthur), Adrienne, Tuintim (\u00e0 la guitare) et Alexandre (au guitarviol)\" data-rel=\"lightbox-gallery-1\"><img loading=\"lazy\" decoding=\"async\" src=\"https:\/\/www.acdpa.net\/2012WP\/wp-content\/uploads\/2019\/01\/o3t-concert-sarcelles-jls-02-300x221.jpg\" width=\"300\" height=\"221\" alt=\"Jean-Luc (masquant J\u00e9r\u00e9my \u00e0 la contrebasse), Grace, (masquant Arthur), Adrienne, Tuintim (\u00e0 la guitare) et Alexandre (au guitarviol)\" \/><span class=\"rl-gallery-caption\"><span class=\"rl-gallery-item-caption\">Jean-Luc (masquant J\u00e9r\u00e9my \u00e0 la contrebasse), Grace, (masquant Arthur), Adrienne, Tuintim (\u00e0 la guitare) et Alexandre (au guitarviol)<\/span><\/span><\/a> <\/div> <\/div> <div class=\"rl-gallery-item\" > <div class=\"rl-gallery-item-content\"> <a href=\"https:\/\/www.acdpa.net\/2012WP\/wp-content\/uploads\/2019\/01\/o3t-concert-sarcelles-jls-03.jpg\" title=\"\" data-rl_title=\"\" class=\"rl-gallery-link\" data-rl_caption=\"Arthur (au piano), Jean-Luc (\u00e0 la guitare), \u00c9vidaly, B\u00e9n\u00e9dicte et Alexandre (au clavier)\" data-rel=\"lightbox-gallery-1\"><img loading=\"lazy\" decoding=\"async\" src=\"https:\/\/www.acdpa.net\/2012WP\/wp-content\/uploads\/2019\/01\/o3t-concert-sarcelles-jls-03-300x209.jpg\" width=\"300\" height=\"209\" alt=\"Arthur (au piano), Jean-Luc (\u00e0 la guitare), \u00c9vidaly, B\u00e9n\u00e9dicte et Alexandre (au clavier)\" \/><span class=\"rl-gallery-caption\"><span class=\"rl-gallery-item-caption\">Arthur (au piano), Jean-Luc (\u00e0 la guitare), \u00c9vidaly, B\u00e9n\u00e9dicte et Alexandre (au clavier)<\/span><\/span><\/a> <\/div> <\/div> <div class=\"rl-gallery-item\" > <div class=\"rl-gallery-item-content\"> <a href=\"https:\/\/www.acdpa.net\/2012WP\/wp-content\/uploads\/2019\/01\/o3t-concert-sarcelles-jls-04.jpg\" title=\"\" data-rl_title=\"\" class=\"rl-gallery-link\" data-rl_caption=\"Jean-Luc (et Adrienne)\" data-rel=\"lightbox-gallery-1\"><img loading=\"lazy\" decoding=\"async\" src=\"https:\/\/www.acdpa.net\/2012WP\/wp-content\/uploads\/2019\/01\/o3t-concert-sarcelles-jls-04-300x225.jpg\" width=\"300\" height=\"225\" alt=\"Jean-Luc (et Adrienne)\" \/><span class=\"rl-gallery-caption\"><span class=\"rl-gallery-item-caption\">Jean-Luc (et Adrienne)<\/span><\/span><\/a> <\/div> <\/div> <div class=\"rl-gallery-item\" > <div class=\"rl-gallery-item-content\"> <a href=\"https:\/\/www.acdpa.net\/2012WP\/wp-content\/uploads\/2019\/01\/o3t-concert-sarcelles-jls-05.jpg\" title=\"\" data-rl_title=\"\" class=\"rl-gallery-link\" data-rl_caption=\"Tuintim (au clavier), Arthur\" data-rel=\"lightbox-gallery-1\"><img loading=\"lazy\" decoding=\"async\" src=\"https:\/\/www.acdpa.net\/2012WP\/wp-content\/uploads\/2019\/01\/o3t-concert-sarcelles-jls-05-225x300.jpg\" width=\"225\" height=\"300\" alt=\"Tuintim (au clavier), Arthur\" \/><span class=\"rl-gallery-caption\"><span class=\"rl-gallery-item-caption\">Tuintim (au clavier), Arthur<\/span><\/span><\/a> <\/div> <\/div> <div class=\"rl-gallery-item\" > <div class=\"rl-gallery-item-content\"> <a href=\"https:\/\/www.acdpa.net\/2012WP\/wp-content\/uploads\/2019\/01\/o3t-concert-sarcelles-jls-06.jpg\" title=\"\" data-rl_title=\"\" class=\"rl-gallery-link\" data-rl_caption=\"Jean-Luc, seul au piano, chantant \u00abLa Nostre Nave\u00bb : chanson \u00e9crite en fran\u00e7ais pour sa muse allemande, et qui se termine en... italien (cf. CD \u00abC&#039;est pas moi\u00bb)\" data-rel=\"lightbox-gallery-1\"><img loading=\"lazy\" decoding=\"async\" src=\"https:\/\/www.acdpa.net\/2012WP\/wp-content\/uploads\/2019\/01\/o3t-concert-sarcelles-jls-06-300x269.jpg\" width=\"300\" height=\"269\" alt=\"Jean-Luc, seul au piano, chantant \u00abLa Nostre Nave\u00bb : chanson \u00e9crite en fran\u00e7ais pour sa muse allemande, et qui se termine en... italien (cf. CD \u00abC&#039;est pas moi\u00bb)\" \/><span class=\"rl-gallery-caption\"><span class=\"rl-gallery-item-caption\">Jean-Luc, seul au piano, chantant \u00abLa Nostre Nave\u00bb : chanson \u00e9crite en fran\u00e7ais pour sa muse allemande, et qui se termine en... italien (cf. CD \u00abC&#039;est pas moi\u00bb)<\/span><\/span><\/a> <\/div> <\/div> <div class=\"rl-gallery-item\" > <div class=\"rl-gallery-item-content\"> <a href=\"https:\/\/www.acdpa.net\/2012WP\/wp-content\/uploads\/2019\/01\/o3t-concert-sarcelles-jls-07.jpg\" title=\"\" data-rl_title=\"\" class=\"rl-gallery-link\" data-rl_caption=\"Jean-Luc, avec un magnifique charango bolivien en provenance de La Paz\" data-rel=\"lightbox-gallery-1\"><img loading=\"lazy\" decoding=\"async\" src=\"https:\/\/www.acdpa.net\/2012WP\/wp-content\/uploads\/2019\/01\/o3t-concert-sarcelles-jls-07-249x300.jpg\" width=\"249\" height=\"300\" alt=\"Jean-Luc, avec un magnifique charango bolivien en provenance de La Paz\" \/><span class=\"rl-gallery-caption\"><span class=\"rl-gallery-item-caption\">Jean-Luc, avec un magnifique charango bolivien en provenance de La Paz<\/span><\/span><\/a> <\/div> <\/div> <div class=\"rl-gallery-item\" > <div class=\"rl-gallery-item-content\"> <a href=\"https:\/\/www.acdpa.net\/2012WP\/wp-content\/uploads\/2019\/01\/o3t-concert-sarcelles-jls-08.jpg\" title=\"\" data-rl_title=\"\" class=\"rl-gallery-link\" data-rl_caption=\"Jean-Luc et J\u00e9r\u00e9my BRUY\u00c8RE, notre contre-bassiste\" data-rel=\"lightbox-gallery-1\"><img loading=\"lazy\" decoding=\"async\" src=\"https:\/\/www.acdpa.net\/2012WP\/wp-content\/uploads\/2019\/01\/o3t-concert-sarcelles-jls-08-300x300.jpg\" width=\"300\" height=\"300\" alt=\"Jean-Luc et J\u00e9r\u00e9my BRUY\u00c8RE, notre contre-bassiste\" \/><span class=\"rl-gallery-caption\"><span class=\"rl-gallery-item-caption\">Jean-Luc et J\u00e9r\u00e9my BRUY\u00c8RE, notre contre-bassiste<\/span><\/span><\/a> <\/div> <\/div> <div class=\"rl-gallery-item\" > <div class=\"rl-gallery-item-content\"> <a href=\"https:\/\/www.acdpa.net\/2012WP\/wp-content\/uploads\/2019\/01\/o3t-concert-sarcelles-jls-09.jpg\" title=\"\" data-rl_title=\"\" class=\"rl-gallery-link\" data-rl_caption=\"Adrienne\" data-rel=\"lightbox-gallery-1\"><img loading=\"lazy\" decoding=\"async\" src=\"https:\/\/www.acdpa.net\/2012WP\/wp-content\/uploads\/2019\/01\/o3t-concert-sarcelles-jls-09-225x300.jpg\" width=\"225\" height=\"300\" alt=\"Adrienne\" \/><span class=\"rl-gallery-caption\"><span class=\"rl-gallery-item-caption\">Adrienne<\/span><\/span><\/a> <\/div> <\/div> <div class=\"rl-gallery-item\" > <div class=\"rl-gallery-item-content\"> <a href=\"https:\/\/www.acdpa.net\/2012WP\/wp-content\/uploads\/2019\/01\/o3t-concert-sarcelles-jls-10.jpg\" title=\"\" data-rl_title=\"\" class=\"rl-gallery-link\" data-rl_caption=\"Jean-Luc, en chanteur \u00e9nerv\u00e9\" data-rel=\"lightbox-gallery-1\"><img loading=\"lazy\" decoding=\"async\" src=\"https:\/\/www.acdpa.net\/2012WP\/wp-content\/uploads\/2019\/01\/o3t-concert-sarcelles-jls-10-300x225.jpg\" width=\"300\" height=\"225\" alt=\"Jean-Luc, en chanteur \u00e9nerv\u00e9\" \/><span class=\"rl-gallery-caption\"><span class=\"rl-gallery-item-caption\">Jean-Luc, en chanteur \u00e9nerv\u00e9<\/span><\/span><\/a> <\/div> <\/div> <div class=\"rl-gallery-item\" > <div class=\"rl-gallery-item-content\"> <a href=\"https:\/\/www.acdpa.net\/2012WP\/wp-content\/uploads\/2019\/01\/o3t-concert-sarcelles-jls-11.jpg\" title=\"\" data-rl_title=\"\" class=\"rl-gallery-link\" data-rl_caption=\"Jean-Luc, en chanteur tendre\" data-rel=\"lightbox-gallery-1\"><img loading=\"lazy\" decoding=\"async\" src=\"https:\/\/www.acdpa.net\/2012WP\/wp-content\/uploads\/2019\/01\/o3t-concert-sarcelles-jls-11-225x300.jpg\" width=\"225\" height=\"300\" alt=\"Jean-Luc, en chanteur tendre\" \/><span class=\"rl-gallery-caption\"><span class=\"rl-gallery-item-caption\">Jean-Luc, en chanteur tendre<\/span><\/span><\/a> <\/div> <\/div> <div class=\"rl-gallery-item\" > <div class=\"rl-gallery-item-content\"> <a href=\"https:\/\/www.acdpa.net\/2012WP\/wp-content\/uploads\/2019\/01\/o3t-concert-sarcelles-jls-12.jpg\" title=\"\" data-rl_title=\"\" class=\"rl-gallery-link\" data-rl_caption=\"B\u00e9n\u00e9dicte, choriste\" data-rel=\"lightbox-gallery-1\"><img loading=\"lazy\" decoding=\"async\" src=\"https:\/\/www.acdpa.net\/2012WP\/wp-content\/uploads\/2019\/01\/o3t-concert-sarcelles-jls-12-300x225.jpg\" width=\"300\" height=\"225\" alt=\"B\u00e9n\u00e9dicte, choriste\" \/><span class=\"rl-gallery-caption\"><span class=\"rl-gallery-item-caption\">B\u00e9n\u00e9dicte, choriste<\/span><\/span><\/a> <\/div> <\/div> <div class=\"rl-gallery-item\" > <div class=\"rl-gallery-item-content\"> <a href=\"https:\/\/www.acdpa.net\/2012WP\/wp-content\/uploads\/2019\/01\/o3t-concert-sarcelles-jls-13.jpg\" title=\"\" data-rl_title=\"\" class=\"rl-gallery-link\" data-rl_caption=\"Jean-Luc, \u00c9vidaly et Adrienne\" data-rel=\"lightbox-gallery-1\"><img loading=\"lazy\" decoding=\"async\" src=\"https:\/\/www.acdpa.net\/2012WP\/wp-content\/uploads\/2019\/01\/o3t-concert-sarcelles-jls-13-300x200.jpg\" width=\"300\" height=\"200\" alt=\"Jean-Luc, \u00c9vidaly et Adrienne\" \/><span class=\"rl-gallery-caption\"><span class=\"rl-gallery-item-caption\">Jean-Luc, \u00c9vidaly et Adrienne<\/span><\/span><\/a> <\/div> <\/div> <div class=\"rl-gallery-item\" > <div class=\"rl-gallery-item-content\"> <a href=\"https:\/\/www.acdpa.net\/2012WP\/wp-content\/uploads\/2019\/01\/o3t-concert-sarcelles-jls-14.jpg\" title=\"\" data-rl_title=\"\" class=\"rl-gallery-link\" data-rl_caption=\"Jean-Luc, Alexandre, \u00c9vidaly, Adrienne, B\u00e9n\u00e9dicte et Tuintim\" data-rel=\"lightbox-gallery-1\"><img loading=\"lazy\" decoding=\"async\" src=\"https:\/\/www.acdpa.net\/2012WP\/wp-content\/uploads\/2019\/01\/o3t-concert-sarcelles-jls-14-300x225.jpg\" width=\"300\" height=\"225\" alt=\"Jean-Luc, Alexandre, \u00c9vidaly, Adrienne, B\u00e9n\u00e9dicte et Tuintim\" \/><span class=\"rl-gallery-caption\"><span class=\"rl-gallery-item-caption\">Jean-Luc, Alexandre, \u00c9vidaly, Adrienne, B\u00e9n\u00e9dicte et Tuintim<\/span><\/span><\/a> <\/div> <\/div> <div class=\"rl-gallery-item\" > <div class=\"rl-gallery-item-content\"> <a href=\"https:\/\/www.acdpa.net\/2012WP\/wp-content\/uploads\/2019\/01\/o3t-concert-sarcelles-jls-15.jpg\" title=\"\" data-rl_title=\"\" class=\"rl-gallery-link\" data-rl_caption=\"\u00c9vidaly et Adrienne (aux percussions)\" data-rel=\"lightbox-gallery-1\"><img loading=\"lazy\" decoding=\"async\" src=\"https:\/\/www.acdpa.net\/2012WP\/wp-content\/uploads\/2019\/01\/o3t-concert-sarcelles-jls-15-300x225.jpg\" width=\"300\" height=\"225\" alt=\"\u00c9vidaly et Adrienne (aux percussions)\" \/><span class=\"rl-gallery-caption\"><span class=\"rl-gallery-item-caption\">\u00c9vidaly et Adrienne (aux percussions)<\/span><\/span><\/a> <\/div> <\/div> <div class=\"rl-gallery-item\" > <div class=\"rl-gallery-item-content\"> <a href=\"https:\/\/www.acdpa.net\/2012WP\/wp-content\/uploads\/2019\/01\/o3t-concert-sarcelles-jls-16.jpg\" title=\"\" data-rl_title=\"\" class=\"rl-gallery-link\" data-rl_caption=\"\u00c9vidaly\" data-rel=\"lightbox-gallery-1\"><img loading=\"lazy\" decoding=\"async\" src=\"https:\/\/www.acdpa.net\/2012WP\/wp-content\/uploads\/2019\/01\/o3t-concert-sarcelles-jls-16-300x300.jpg\" width=\"300\" height=\"300\" alt=\"\u00c9vidaly\" \/><span class=\"rl-gallery-caption\"><span class=\"rl-gallery-item-caption\">\u00c9vidaly<\/span><\/span><\/a> <\/div> <\/div> <div class=\"rl-gallery-item\" > <div class=\"rl-gallery-item-content\"> <a href=\"https:\/\/www.acdpa.net\/2012WP\/wp-content\/uploads\/2019\/01\/o3t-concert-sarcelles-jls-17.jpg\" title=\"\" data-rl_title=\"\" class=\"rl-gallery-link\" data-rl_caption=\"Toute la troupe \u00e0 la salle Bernier de Sarcelles : J\u00e9r\u00e9my, Jean-Luc, Grace, \u00c9vidaly, Adrienne, B\u00e9n\u00e9dicte et Tuintim\" data-rel=\"lightbox-gallery-1\"><img loading=\"lazy\" decoding=\"async\" src=\"https:\/\/www.acdpa.net\/2012WP\/wp-content\/uploads\/2019\/01\/o3t-concert-sarcelles-jls-17-300x200.jpg\" width=\"300\" height=\"200\" alt=\"Toute la troupe \u00e0 la salle Bernier de Sarcelles : J\u00e9r\u00e9my, Jean-Luc, Grace, \u00c9vidaly, Adrienne, B\u00e9n\u00e9dicte et Tuintim\" \/><span class=\"rl-gallery-caption\"><span class=\"rl-gallery-item-caption\">Toute la troupe \u00e0 la salle Bernier de Sarcelles : J\u00e9r\u00e9my, Jean-Luc, Grace, \u00c9vidaly, Adrienne, B\u00e9n\u00e9dicte et Tuintim<\/span><\/span><\/a> <\/div> <\/div> <div class=\"rl-gallery-item\" > <div class=\"rl-gallery-item-content\"> <a href=\"https:\/\/www.acdpa.net\/2012WP\/wp-content\/uploads\/2019\/01\/o3t-concert-sarcelles-jls-18.jpg\" title=\"\" data-rl_title=\"\" class=\"rl-gallery-link\" data-rl_caption=\"Jean-Luc, J\u00e9r\u00e9my, Arthur, \u00c9vidaly, Adrienne, Alexandre, B\u00e9n\u00e9dicte, Grace, et Tuintim\" data-rel=\"lightbox-gallery-1\"><img loading=\"lazy\" decoding=\"async\" src=\"https:\/\/www.acdpa.net\/2012WP\/wp-content\/uploads\/2019\/01\/o3t-concert-sarcelles-jls-18-300x197.jpg\" width=\"300\" height=\"197\" alt=\"Jean-Luc, J\u00e9r\u00e9my, Arthur, \u00c9vidaly, Adrienne, Alexandre, B\u00e9n\u00e9dicte, Grace, et Tuintim\" \/><span class=\"rl-gallery-caption\"><span class=\"rl-gallery-item-caption\">Jean-Luc, J\u00e9r\u00e9my, Arthur, \u00c9vidaly, Adrienne, Alexandre, B\u00e9n\u00e9dicte, Grace, et Tuintim<\/span><\/span><\/a> <\/div> <\/div> <div class=\"rl-gallery-item\" > <div class=\"rl-gallery-item-content\"> <a href=\"https:\/\/www.acdpa.net\/2012WP\/wp-content\/uploads\/2019\/01\/o3t-concert-sarcelles-jls-19.jpg\" title=\"\" data-rl_title=\"\" class=\"rl-gallery-link\" data-rl_caption=\"Arthur, J\u00e9r\u00e9my, Jean-Luc, \u00c9vidaly, Adrienne et B\u00e9n\u00e9dicte\" data-rel=\"lightbox-gallery-1\"><img loading=\"lazy\" decoding=\"async\" src=\"https:\/\/www.acdpa.net\/2012WP\/wp-content\/uploads\/2019\/01\/o3t-concert-sarcelles-jls-19-300x225.jpg\" width=\"300\" height=\"225\" alt=\"Arthur, J\u00e9r\u00e9my, Jean-Luc, \u00c9vidaly, Adrienne et B\u00e9n\u00e9dicte\" \/><span class=\"rl-gallery-caption\"><span class=\"rl-gallery-item-caption\">Arthur, J\u00e9r\u00e9my, Jean-Luc, \u00c9vidaly, Adrienne et B\u00e9n\u00e9dicte<\/span><\/span><\/a> <\/div> <\/div> <div class=\"rl-gallery-item\" > <div class=\"rl-gallery-item-content\"> <a href=\"https:\/\/www.acdpa.net\/2012WP\/wp-content\/uploads\/2019\/01\/o3t-concert-sarcelles-jls-20.jpg\" title=\"\" data-rl_title=\"\" class=\"rl-gallery-link\" data-rl_caption=\"Jean-Luc et Adrienne, duo mythique dans \u00abP. qu&#039;c&#039;est beau la po\u00e9sie\u00bb (cf. le CD \u00abDes mots, un piano\u00bb)\" data-rel=\"lightbox-gallery-1\"><img loading=\"lazy\" decoding=\"async\" src=\"https:\/\/www.acdpa.net\/2012WP\/wp-content\/uploads\/2019\/01\/o3t-concert-sarcelles-jls-20-238x300.jpg\" width=\"238\" height=\"300\" alt=\"Jean-Luc et Adrienne, duo mythique dans \u00abP. qu&#039;c&#039;est beau la po\u00e9sie\u00bb (cf. le CD \u00abDes mots, un piano\u00bb)\" \/><span class=\"rl-gallery-caption\"><span class=\"rl-gallery-item-caption\">Jean-Luc et Adrienne, duo mythique dans \u00abP. qu&#039;c&#039;est beau la po\u00e9sie\u00bb (cf. le CD \u00abDes mots, un piano\u00bb)<\/span><\/span><\/a> <\/div> <\/div> <div class=\"rl-gallery-item\" > <div class=\"rl-gallery-item-content\"> <a href=\"https:\/\/www.acdpa.net\/2012WP\/wp-content\/uploads\/2019\/01\/o3t-concert-sarcelles-jls-21.jpg\" title=\"\" data-rl_title=\"\" class=\"rl-gallery-link\" data-rl_caption=\"Jean-Luc et Adrienne, le duo...\" data-rel=\"lightbox-gallery-1\"><img loading=\"lazy\" decoding=\"async\" src=\"https:\/\/www.acdpa.net\/2012WP\/wp-content\/uploads\/2019\/01\/o3t-concert-sarcelles-jls-21-254x300.jpg\" width=\"254\" height=\"300\" alt=\"Jean-Luc et Adrienne, le duo...\" \/><span class=\"rl-gallery-caption\"><span class=\"rl-gallery-item-caption\">Jean-Luc et Adrienne, le duo...<\/span><\/span><\/a> <\/div> <\/div> <div class=\"rl-gallery-item\" > <div class=\"rl-gallery-item-content\"> <a href=\"https:\/\/www.acdpa.net\/2012WP\/wp-content\/uploads\/2019\/01\/o3t-concert-sarcelles-jls-22.jpg\" title=\"\" data-rl_title=\"\" class=\"rl-gallery-link\" data-rl_caption=\"J\u00e9r\u00e9my, Jean-Luc, Alexandre et Tuintim : R\u00e9veil, Jazz et Swing...\" data-rel=\"lightbox-gallery-1\"><img loading=\"lazy\" decoding=\"async\" src=\"https:\/\/www.acdpa.net\/2012WP\/wp-content\/uploads\/2019\/01\/o3t-concert-sarcelles-jls-22-300x225.jpg\" width=\"300\" height=\"225\" alt=\"J\u00e9r\u00e9my, Jean-Luc, Alexandre et Tuintim : R\u00e9veil, Jazz et Swing...\" \/><span class=\"rl-gallery-caption\"><span class=\"rl-gallery-item-caption\">J\u00e9r\u00e9my, Jean-Luc, Alexandre et Tuintim : R\u00e9veil, Jazz et Swing...<\/span><\/span><\/a> <\/div> <\/div> <div class=\"rl-gallery-item\" > <div class=\"rl-gallery-item-content\"> <a href=\"https:\/\/www.acdpa.net\/2012WP\/wp-content\/uploads\/2019\/01\/o3t-concert-sarcelles-jls-23.jpg\" title=\"\" data-rl_title=\"\" class=\"rl-gallery-link\" data-rl_caption=\"Tuintim, seul au piano, et le duo Jean-Luc et Adrienne\" data-rel=\"lightbox-gallery-1\"><img loading=\"lazy\" decoding=\"async\" src=\"https:\/\/www.acdpa.net\/2012WP\/wp-content\/uploads\/2019\/01\/o3t-concert-sarcelles-jls-23-300x225.jpg\" width=\"300\" height=\"225\" alt=\"Tuintim, seul au piano, et le duo Jean-Luc et Adrienne\" \/><span class=\"rl-gallery-caption\"><span class=\"rl-gallery-item-caption\">Tuintim, seul au piano, et le duo Jean-Luc et Adrienne<\/span><\/span><\/a> <\/div> <\/div> <div class=\"rl-gallery-item\" > <div class=\"rl-gallery-item-content\"> <a href=\"https:\/\/www.acdpa.net\/2012WP\/wp-content\/uploads\/2019\/01\/o3t-concert-sarcelles-jls-24.jpg\" title=\"\" data-rl_title=\"\" class=\"rl-gallery-link\" data-rl_caption=\"J\u00e9r\u00e9my, Jean-Luc, \u00c9vidaly, Adrienne, Tuintim, (Alexandre), et B\u00e9n\u00e9dicte\" data-rel=\"lightbox-gallery-1\"><img loading=\"lazy\" decoding=\"async\" src=\"https:\/\/www.acdpa.net\/2012WP\/wp-content\/uploads\/2019\/01\/o3t-concert-sarcelles-jls-24-300x225.jpg\" width=\"300\" height=\"225\" alt=\"J\u00e9r\u00e9my, Jean-Luc, \u00c9vidaly, Adrienne, Tuintim, (Alexandre), et B\u00e9n\u00e9dicte\" \/><span class=\"rl-gallery-caption\"><span class=\"rl-gallery-item-caption\">J\u00e9r\u00e9my, Jean-Luc, \u00c9vidaly, Adrienne, Tuintim, (Alexandre), et B\u00e9n\u00e9dicte<\/span><\/span><\/a> <\/div> <\/div> <div class=\"rl-gallery-item\" > <div class=\"rl-gallery-item-content\"> <a href=\"https:\/\/www.acdpa.net\/2012WP\/wp-content\/uploads\/2019\/01\/o3t-concert-sarcelles-jls-25.jpg\" title=\"\" data-rl_title=\"\" class=\"rl-gallery-link\" data-rl_caption=\"Jean-Luc, J\u00e9r\u00e9my, \u00c9vidaly, Adrienne, Alexandre et B\u00e9n\u00e9dicte\" data-rel=\"lightbox-gallery-1\"><img loading=\"lazy\" decoding=\"async\" src=\"https:\/\/www.acdpa.net\/2012WP\/wp-content\/uploads\/2019\/01\/o3t-concert-sarcelles-jls-25-300x203.jpg\" width=\"300\" height=\"203\" alt=\"Jean-Luc, J\u00e9r\u00e9my, \u00c9vidaly, Adrienne, Alexandre et B\u00e9n\u00e9dicte\" \/><span class=\"rl-gallery-caption\"><span class=\"rl-gallery-item-caption\">Jean-Luc, J\u00e9r\u00e9my, \u00c9vidaly, Adrienne, Alexandre et B\u00e9n\u00e9dicte<\/span><\/span><\/a> <\/div> <\/div> <div class=\"rl-gallery-item\" > <div class=\"rl-gallery-item-content\"> <a href=\"https:\/\/www.acdpa.net\/2012WP\/wp-content\/uploads\/2019\/01\/o3t-concert-sarcelles-jls-26.jpg\" title=\"\" data-rl_title=\"\" class=\"rl-gallery-link\" data-rl_caption=\"Jean-Luc au m\u00e9lodica, J\u00e9r\u00e9my, \u00c9vidaly et Adrienne\" data-rel=\"lightbox-gallery-1\"><img loading=\"lazy\" decoding=\"async\" src=\"https:\/\/www.acdpa.net\/2012WP\/wp-content\/uploads\/2019\/01\/o3t-concert-sarcelles-jls-26-300x215.jpg\" width=\"300\" height=\"215\" alt=\"Jean-Luc au m\u00e9lodica, J\u00e9r\u00e9my, \u00c9vidaly et Adrienne\" \/><span class=\"rl-gallery-caption\"><span class=\"rl-gallery-item-caption\">Jean-Luc au m\u00e9lodica, J\u00e9r\u00e9my, \u00c9vidaly et Adrienne<\/span><\/span><\/a> <\/div> <\/div> <div class=\"rl-gallery-item\" > <div class=\"rl-gallery-item-content\"> <a href=\"https:\/\/www.acdpa.net\/2012WP\/wp-content\/uploads\/2019\/01\/o3t-concert-sarcelles-jls-27.jpg\" title=\"\" data-rl_title=\"\" class=\"rl-gallery-link\" data-rl_caption=\"C\u00e9dric, notre cin\u00e9aste attitr\u00e9\" data-rel=\"lightbox-gallery-1\"><img loading=\"lazy\" decoding=\"async\" src=\"https:\/\/www.acdpa.net\/2012WP\/wp-content\/uploads\/2019\/01\/o3t-concert-sarcelles-jls-27-300x225.jpg\" width=\"300\" height=\"225\" alt=\"C\u00e9dric, notre cin\u00e9aste attitr\u00e9\" \/><span class=\"rl-gallery-caption\"><span class=\"rl-gallery-item-caption\">C\u00e9dric, notre cin\u00e9aste attitr\u00e9<\/span><\/span><\/a> <\/div> <\/div> <div class=\"rl-gallery-item\" > <div class=\"rl-gallery-item-content\"> <a href=\"https:\/\/www.acdpa.net\/2012WP\/wp-content\/uploads\/2019\/01\/o3t-concert-sarcelles-jls-28.jpg\" title=\"\" data-rl_title=\"\" class=\"rl-gallery-link\" data-rl_caption=\"Jean-Luc, J\u00e9r\u00e9my, \u00c9vidaly, Grace, Adrienne, B\u00e9n\u00e9dicte et Tuintim\" data-rel=\"lightbox-gallery-1\"><img loading=\"lazy\" decoding=\"async\" src=\"https:\/\/www.acdpa.net\/2012WP\/wp-content\/uploads\/2019\/01\/o3t-concert-sarcelles-jls-28-300x207.jpg\" width=\"300\" height=\"207\" alt=\"Jean-Luc, J\u00e9r\u00e9my, \u00c9vidaly, Grace, Adrienne, B\u00e9n\u00e9dicte et Tuintim\" \/><span class=\"rl-gallery-caption\"><span class=\"rl-gallery-item-caption\">Jean-Luc, J\u00e9r\u00e9my, \u00c9vidaly, Grace, Adrienne, B\u00e9n\u00e9dicte et Tuintim<\/span><\/span><\/a> <\/div> <\/div> <div class=\"rl-gallery-item\" > <div class=\"rl-gallery-item-content\"> <a href=\"https:\/\/www.acdpa.net\/2012WP\/wp-content\/uploads\/2019\/01\/o3t-concert-sarcelles-jls-29.jpg\" title=\"\" data-rl_title=\"\" class=\"rl-gallery-link\" data-rl_caption=\"\u00c9vidaly et Adrienne\" data-rel=\"lightbox-gallery-1\"><img loading=\"lazy\" decoding=\"async\" src=\"https:\/\/www.acdpa.net\/2012WP\/wp-content\/uploads\/2019\/01\/o3t-concert-sarcelles-jls-29-300x225.jpg\" width=\"300\" height=\"225\" alt=\"\u00c9vidaly et Adrienne\" \/><span class=\"rl-gallery-caption\"><span class=\"rl-gallery-item-caption\">\u00c9vidaly et Adrienne<\/span><\/span><\/a> <\/div> <\/div> <div class=\"rl-gallery-item\" > <div class=\"rl-gallery-item-content\"> <a href=\"https:\/\/www.acdpa.net\/2012WP\/wp-content\/uploads\/2019\/01\/o3t-concert-sarcelles-jls-30.jpg\" title=\"\" data-rl_title=\"\" class=\"rl-gallery-link\" data-rl_caption=\"\u00c9vidaly et Adrienne\" data-rel=\"lightbox-gallery-1\"><img loading=\"lazy\" decoding=\"async\" src=\"https:\/\/www.acdpa.net\/2012WP\/wp-content\/uploads\/2019\/01\/o3t-concert-sarcelles-jls-30-300x226.jpg\" width=\"300\" height=\"226\" alt=\"\u00c9vidaly et Adrienne\" \/><span class=\"rl-gallery-caption\"><span class=\"rl-gallery-item-caption\">\u00c9vidaly et Adrienne<\/span><\/span><\/a> <\/div> <\/div> <div class=\"rl-gallery-item\" > <div class=\"rl-gallery-item-content\"> <a href=\"https:\/\/www.acdpa.net\/2012WP\/wp-content\/uploads\/2019\/01\/o3t-concert-sarcelles-jls-31.jpg\" title=\"\" data-rl_title=\"\" class=\"rl-gallery-link\" data-rl_caption=\"Pr\u00e9sentation des musiciens et chanteurs : Arthur... saluant (au piano), Jean-Luc, (\u00c9vidaly), Alexandre et B\u00e9n\u00e9dicte\" data-rel=\"lightbox-gallery-1\"><img loading=\"lazy\" decoding=\"async\" src=\"https:\/\/www.acdpa.net\/2012WP\/wp-content\/uploads\/2019\/01\/o3t-concert-sarcelles-jls-31-300x229.jpg\" width=\"300\" height=\"229\" alt=\"Pr\u00e9sentation des musiciens et chanteurs : Arthur... saluant (au piano), Jean-Luc, (\u00c9vidaly), Alexandre et B\u00e9n\u00e9dicte\" \/><span class=\"rl-gallery-caption\"><span class=\"rl-gallery-item-caption\">Pr\u00e9sentation des musiciens et chanteurs : Arthur... saluant (au piano), Jean-Luc, (\u00c9vidaly), Alexandre et B\u00e9n\u00e9dicte<\/span><\/span><\/a> <\/div> <\/div> <div class=\"rl-gallery-item\" > <div class=\"rl-gallery-item-content\"> <a href=\"https:\/\/www.acdpa.net\/2012WP\/wp-content\/uploads\/2019\/01\/o3t-concert-sarcelles-jls-32.jpg\" title=\"\" data-rl_title=\"\" class=\"rl-gallery-link\" data-rl_caption=\"(Tuintim), J\u00e9r\u00e9my (guitarviol) et Adrienne\" data-rel=\"lightbox-gallery-1\"><img loading=\"lazy\" decoding=\"async\" src=\"https:\/\/www.acdpa.net\/2012WP\/wp-content\/uploads\/2019\/01\/o3t-concert-sarcelles-jls-32-218x300.jpg\" width=\"218\" height=\"300\" alt=\"(Tuintim), J\u00e9r\u00e9my (guitarviol) et Adrienne\" \/><span class=\"rl-gallery-caption\"><span class=\"rl-gallery-item-caption\">(Tuintim), J\u00e9r\u00e9my (guitarviol) et Adrienne<\/span><\/span><\/a> <\/div> <\/div> <div class=\"rl-gallery-item\" > <div class=\"rl-gallery-item-content\"> <a href=\"https:\/\/www.acdpa.net\/2012WP\/wp-content\/uploads\/2019\/01\/o3t-concert-sarcelles-jls-33.jpg\" title=\"\" data-rl_title=\"\" class=\"rl-gallery-link\" data-rl_caption=\"(Alexandre), Jean-Luc, \u00c9vidaly et B\u00e9n\u00e9dicte\" data-rel=\"lightbox-gallery-1\"><img loading=\"lazy\" decoding=\"async\" src=\"https:\/\/www.acdpa.net\/2012WP\/wp-content\/uploads\/2019\/01\/o3t-concert-sarcelles-jls-33-300x300.jpg\" width=\"300\" height=\"300\" alt=\"(Alexandre), Jean-Luc, \u00c9vidaly et B\u00e9n\u00e9dicte\" \/><span class=\"rl-gallery-caption\"><span class=\"rl-gallery-item-caption\">(Alexandre), Jean-Luc, \u00c9vidaly et B\u00e9n\u00e9dicte<\/span><\/span><\/a> <\/div> <\/div> <div class=\"rl-gallery-item\" > <div class=\"rl-gallery-item-content\"> <a href=\"https:\/\/www.acdpa.net\/2012WP\/wp-content\/uploads\/2019\/01\/o3t-concert-sarcelles-jls-34.jpg\" title=\"\" data-rl_title=\"\" class=\"rl-gallery-link\" data-rl_caption=\"Tuintim, J\u00e9r\u00e9my (guitarviol) et Adrienne. Le guitarviol est un instrument r\u00e9cent (2008), qui copie l&#039;arpeggione; il est fabriqu\u00e9 \u00e0 Los Angeles.\" data-rel=\"lightbox-gallery-1\"><img loading=\"lazy\" decoding=\"async\" src=\"https:\/\/www.acdpa.net\/2012WP\/wp-content\/uploads\/2019\/01\/o3t-concert-sarcelles-jls-34-205x300.jpg\" width=\"205\" height=\"300\" alt=\"Tuintim, J\u00e9r\u00e9my (guitarviol) et Adrienne. Le guitarviol est un instrument r\u00e9cent (2008), qui copie l&#039;arpeggione; il est fabriqu\u00e9 \u00e0 Los Angeles.\" \/><span class=\"rl-gallery-caption\"><span class=\"rl-gallery-item-caption\">Tuintim, J\u00e9r\u00e9my (guitarviol) et Adrienne. Le guitarviol est un instrument r\u00e9cent (2008), qui copie l&#039;arpeggione; il est fabriqu\u00e9 \u00e0 Los Angeles.<\/span><\/span><\/a> <\/div> <\/div> <div class=\"rl-gallery-item\" > <div class=\"rl-gallery-item-content\"> <a href=\"https:\/\/www.acdpa.net\/2012WP\/wp-content\/uploads\/2019\/01\/o3t-concert-sarcelles-jls-35.jpg\" title=\"\" data-rl_title=\"\" class=\"rl-gallery-link\" data-rl_caption=\"Alexandre, Jean-Luc, \u00c9vidaly, B\u00e9n\u00e9dicte, (Tuintim), J\u00e9r\u00e9my et Adrienne\" data-rel=\"lightbox-gallery-1\"><img loading=\"lazy\" decoding=\"async\" src=\"https:\/\/www.acdpa.net\/2012WP\/wp-content\/uploads\/2019\/01\/o3t-concert-sarcelles-jls-35-300x207.jpg\" width=\"300\" height=\"207\" alt=\"Alexandre, Jean-Luc, \u00c9vidaly, B\u00e9n\u00e9dicte, (Tuintim), J\u00e9r\u00e9my et Adrienne\" \/><span class=\"rl-gallery-caption\"><span class=\"rl-gallery-item-caption\">Alexandre, Jean-Luc, \u00c9vidaly, B\u00e9n\u00e9dicte, (Tuintim), J\u00e9r\u00e9my et Adrienne<\/span><\/span><\/a> <\/div> <\/div> <div class=\"rl-gallery-item\" > <div class=\"rl-gallery-item-content\"> <a href=\"https:\/\/www.acdpa.net\/2012WP\/wp-content\/uploads\/2019\/01\/o3t-concert-sarcelles-jls-36.jpg\" title=\"\" data-rl_title=\"\" class=\"rl-gallery-link\" data-rl_caption=\"Fin de spectacle avec \u00abLes R\u00eaves d&#039;Avenir\u00bb : Arthur, Alexandre, Jean-Luc, (Grace), \u00c9vidaly et B\u00e9n\u00e9dicte\" data-rel=\"lightbox-gallery-1\"><img loading=\"lazy\" decoding=\"async\" src=\"https:\/\/www.acdpa.net\/2012WP\/wp-content\/uploads\/2019\/01\/o3t-concert-sarcelles-jls-36-300x214.jpg\" width=\"300\" height=\"214\" alt=\"Fin de spectacle avec \u00abLes R\u00eaves d&#039;Avenir\u00bb : Arthur, Alexandre, Jean-Luc, (Grace), \u00c9vidaly et B\u00e9n\u00e9dicte\" \/><span class=\"rl-gallery-caption\"><span class=\"rl-gallery-item-caption\">Fin de spectacle avec \u00abLes R\u00eaves d&#039;Avenir\u00bb : Arthur, Alexandre, Jean-Luc, (Grace), \u00c9vidaly et B\u00e9n\u00e9dicte<\/span><\/span><\/a> <\/div> <\/div> <\/div> <\/div>\r\n<!-- \/wp:post-content -->\r\n\r\n<!-- wp:gallery {\"ids\":[3719,3718,3717,3716,3715,3714,3713,3712,3711,3710,3709,3708,3707,3706,3705,3704,3703,3702,3701,3700,3699,3698,3697,3696,3695,3694,3693,3692,3691,3690,3689,3688,3687,3686,3685,3684],\"columns\":1,\"linkTo\":\"media\"} \/-->","protected":false},"excerpt":{"rendered":"<p>Bonjour, En cette ann\u00e9e 2019, qui sera marqu\u00e9e par le 30\u00e8me anniversaire de l\u2019aventure TEENAGER, j\u2019ai \u00e9t\u00e9 recherch\u00e9 des photos marquantes, non pas dans de vieux cartons comme cela \u00e9tait l\u2019habitude avant les ann\u00e9es 2000, mais au niveau du 6\u00e8me &hellip; <a href=\"https:\/\/www.acdpa.net\/2012WP\/?p=3681\">Continuer la lecture <span class=\"meta-nav\">&rarr;<\/span><\/a><\/p>\n","protected":false},"author":1,"featured_media":3690,"comment_status":"open","ping_status":"open","sticky":false,"template":"","format":"standard","meta":{"footnotes":""},"categories":[53,3],"tags":[],"class_list":["post-3681","post","type-post","status-publish","format-standard","has-post-thumbnail","hentry","category-galerie-salmon-jean-luc","category-salmon-jean-luc"],"_links":{"self":[{"href":"https:\/\/www.acdpa.net\/2012WP\/index.php?rest_route=\/wp\/v2\/posts\/3681","targetHints":{"allow":["GET"]}}],"collection":[{"href":"https:\/\/www.acdpa.net\/2012WP\/index.php?rest_route=\/wp\/v2\/posts"}],"about":[{"href":"https:\/\/www.acdpa.net\/2012WP\/index.php?rest_route=\/wp\/v2\/types\/post"}],"author":[{"embeddable":true,"href":"https:\/\/www.acdpa.net\/2012WP\/index.php?rest_route=\/wp\/v2\/users\/1"}],"replies":[{"embeddable":true,"href":"https:\/\/www.acdpa.net\/2012WP\/index.php?rest_route=%2Fwp%2Fv2%2Fcomments&post=3681"}],"version-history":[{"count":14,"href":"https:\/\/www.acdpa.net\/2012WP\/index.php?rest_route=\/wp\/v2\/posts\/3681\/revisions"}],"predecessor-version":[{"id":3742,"href":"https:\/\/www.acdpa.net\/2012WP\/index.php?rest_route=\/wp\/v2\/posts\/3681\/revisions\/3742"}],"wp:featuredmedia":[{"embeddable":true,"href":"https:\/\/www.acdpa.net\/2012WP\/index.php?rest_route=\/wp\/v2\/media\/3690"}],"wp:attachment":[{"href":"https:\/\/www.acdpa.net\/2012WP\/index.php?rest_route=%2Fwp%2Fv2%2Fmedia&parent=3681"}],"wp:term":[{"taxonomy":"category","embeddable":true,"href":"https:\/\/www.acdpa.net\/2012WP\/index.php?rest_route=%2Fwp%2Fv2%2Fcategories&post=3681"},{"taxonomy":"post_tag","embeddable":true,"href":"https:\/\/www.acdpa.net\/2012WP\/index.php?rest_route=%2Fwp%2Fv2%2Ftags&post=3681"}],"curies":[{"name":"wp","href":"https:\/\/api.w.org\/{rel}","templated":true}]}}