{"id":3454,"date":"2018-06-23T08:00:17","date_gmt":"2018-06-23T06:00:17","guid":{"rendered":"http:\/\/www.acdpa.net\/2012WP\/?p=3454"},"modified":"2018-06-24T18:10:43","modified_gmt":"2018-06-24T16:10:43","slug":"spectacle-jai-choisi-de-dire-non-le-samedi-30-juin-a-10h00-a-lime-henri-wallon-de-sarcelles","status":"publish","type":"post","link":"https:\/\/www.acdpa.net\/2012WP\/?p=3454","title":{"rendered":"Spectacle \u00abJ\u2019ai choisi de dire non\u00bb, le Samedi 30 juin \u00e0 10H00, \u00e0 l\u2019IME Henri Wallon de Sarcelles"},"content":{"rendered":"<p style=\"text-align: center;\">Madame, Monsieur,<\/p>\n<p style=\"text-align: center;\"><strong>Fr\u00e9d\u00e9ric Boyer<\/strong>, Pr\u00e9sident, et <strong>Jean-Luc Salmon<\/strong>, Directeur artistique,<br \/>\net tous les membres de <strong>ACDPA<\/strong>, ont le plaisir de vous inviter<\/p>\n<p style=\"text-align: center;\"><strong>au <u>Spectacle<\/u>\u00a0 \u00ab J\u2019ai choisi de dire non \u00bb, le\u00a0<b><u>Samedi 30 juin \u00e0 10H00<\/u><\/b><\/strong><br \/>\ndonn\u00e9 \u00e0 l\u2019<a href=\"http:\/\/www.imehenriwallon.fr\/presentationime.html\" target=\"_blank\" rel=\"noopener\">IME Henri Wallon<\/a>, 15 rue des Coquetiers \u00e0 Sarcelles<br \/>\n<a href=\"https:\/\/www.bing.com\/maps?osid=f901ffce-017b-4beb-b442-51b22f523650&amp;amp;cp=48.984165~2.389245&amp;amp;lvl=18&amp;amp;v=2&amp;amp;sV=2&amp;amp;form=S00027&quot; target=&quot;_blank&quot; rel=&quot;noopener&quot;&gt;IME Henri Wallon, 15 rue des Coquetiers, Sarcelles\" target=\"_blank\" rel=\"noopener\"><img loading=\"lazy\" decoding=\"async\" class=\"aligncenter size-full wp-image-3458\" src=\"http:\/\/www.acdpa.net\/2012WP\/wp-content\/uploads\/2018\/06\/ime-henri-wallon-sarcelles.gif\" alt=\"\" width=\"1000\" height=\"668\" \/><\/a><\/p>\n<p style=\"text-align: center;\"><b>Nous esp\u00e9rons vous y rencontrer, nombreux<\/b><\/p>\n<p><img loading=\"lazy\" decoding=\"async\" class=\"aligncenter size-full wp-image-3460\" src=\"http:\/\/www.acdpa.net\/2012WP\/wp-content\/uploads\/2018\/06\/smiley_850.gif\" alt=\"\" width=\"85\" height=\"50\" \/><\/p>\n","protected":false},"excerpt":{"rendered":"<p>Madame, Monsieur, Fr\u00e9d\u00e9ric Boyer, Pr\u00e9sident, et Jean-Luc Salmon, Directeur artistique, et tous les membres de ACDPA, ont le plaisir de vous inviter au Spectacle\u00a0 \u00ab J\u2019ai choisi de dire non \u00bb, le\u00a0Samedi 30 juin \u00e0 10H00 donn\u00e9 \u00e0 l\u2019IME Henri &hellip; <a href=\"https:\/\/www.acdpa.net\/2012WP\/?p=3454\">Continuer la lecture <span class=\"meta-nav\">&rarr;<\/span><\/a><\/p>\n","protected":false},"author":1,"featured_media":0,"comment_status":"open","ping_status":"open","sticky":false,"template":"","format":"standard","meta":{"footnotes":""},"categories":[46,4],"tags":[],"class_list":["post-3454","post","type-post","status-publish","format-standard","hentry","category-calendrier","category-teenager"],"_links":{"self":[{"href":"https:\/\/www.acdpa.net\/2012WP\/index.php?rest_route=\/wp\/v2\/posts\/3454","targetHints":{"allow":["GET"]}}],"collection":[{"href":"https:\/\/www.acdpa.net\/2012WP\/index.php?rest_route=\/wp\/v2\/posts"}],"about":[{"href":"https:\/\/www.acdpa.net\/2012WP\/index.php?rest_route=\/wp\/v2\/types\/post"}],"author":[{"embeddable":true,"href":"https:\/\/www.acdpa.net\/2012WP\/index.php?rest_route=\/wp\/v2\/users\/1"}],"replies":[{"embeddable":true,"href":"https:\/\/www.acdpa.net\/2012WP\/index.php?rest_route=%2Fwp%2Fv2%2Fcomments&post=3454"}],"version-history":[{"count":5,"href":"https:\/\/www.acdpa.net\/2012WP\/index.php?rest_route=\/wp\/v2\/posts\/3454\/revisions"}],"predecessor-version":[{"id":3462,"href":"https:\/\/www.acdpa.net\/2012WP\/index.php?rest_route=\/wp\/v2\/posts\/3454\/revisions\/3462"}],"wp:attachment":[{"href":"https:\/\/www.acdpa.net\/2012WP\/index.php?rest_route=%2Fwp%2Fv2%2Fmedia&parent=3454"}],"wp:term":[{"taxonomy":"category","embeddable":true,"href":"https:\/\/www.acdpa.net\/2012WP\/index.php?rest_route=%2Fwp%2Fv2%2Fcategories&post=3454"},{"taxonomy":"post_tag","embeddable":true,"href":"https:\/\/www.acdpa.net\/2012WP\/index.php?rest_route=%2Fwp%2Fv2%2Ftags&post=3454"}],"curies":[{"name":"wp","href":"https:\/\/api.w.org\/{rel}","templated":true}]}}