{"id":2920,"date":"2016-05-25T10:00:15","date_gmt":"2016-05-25T08:00:15","guid":{"rendered":"http:\/\/www.acdpa.net\/2012WP\/?p=2920"},"modified":"2016-06-01T10:10:54","modified_gmt":"2016-06-01T08:10:54","slug":"photos-du-stage-de-paques-2016","status":"publish","type":"post","link":"https:\/\/www.acdpa.net\/2012WP\/?p=2920","title":{"rendered":"Photos du stage de P\u00e2ques 2016"},"content":{"rendered":"<p>Ce stage \u00e0 Saint-Pierre d&rsquo;Ol\u00e9ron fut le plus beau stage de P\u00e2ques depuis la Tunisie.<\/p>\n<p>Tout d&rsquo;abord, merci \u00e0 notre h\u00f4te du CAE CNRS, <strong>J\u00e9rome Drouhin<\/strong>.<br \/>\nMerci \u00e0 tout le personnel pour leur sourire et leur convivialit\u00e9.<\/p>\n<p><strong>Merci \u00e0 tous les Teenager<\/strong>, Ab\u00eemaniou, B\u00e9r\u00e9nice, Alexandre (le petit) et Alexandre (le grand), \u00c9lodie, Gr\u00e2ce, Yves, et surtout <span style=\"text-decoration: underline;\">notre photographe<\/span> (toutes les photos pr\u00e9sent\u00e9es ici sont de son talent) et preneur de son, <strong>Michel Erkens<\/strong>.<\/p>\n<div class=\"rl-gallery-container\" id=\"rl-gallery-container-1\" data-gallery_id=\"0\"> <div class=\"rl-gallery-filter\"> <\/div> <div class=\"rl-gallery rl-masonry-gallery \" data-rl-animation=\"revealZoom\" id=\"rl-gallery-1\" data-gallery_no=\"1\"> <div class=\"rl-gutter-sizer\"><\/div><div class=\"rl-grid-sizer\"><\/div> <div class=\"rl-gallery-item rl-gallery-item-width-4\" > <div class=\"rl-gallery-item-content\"> <a href=\"https:\/\/www.acdpa.net\/2012WP\/wp-content\/uploads\/2016\/05\/q4g-st-pierre-d-oleron-01.jpg\" title=\"\" data-rl_title=\"\" class=\"rl-gallery-link\" data-rl_caption=\"Michel, notre photographe... et preneur de son\" data-rel=\"lightbox-gallery-1\"><img loading=\"lazy\" decoding=\"async\" src=\"https:\/\/www.acdpa.net\/2012WP\/wp-content\/uploads\/2016\/05\/q4g-st-pierre-d-oleron-01-300x300.jpg\" width=\"300\" height=\"300\" alt=\"Michel, notre photographe... et preneur de son\" \/><span class=\"rl-gallery-caption\"><span class=\"rl-gallery-item-caption\">Michel, notre photographe... et preneur de son<\/span><\/span><\/a> <\/div> <\/div> <div class=\"rl-gallery-item\" > <div class=\"rl-gallery-item-content\"> <a href=\"https:\/\/www.acdpa.net\/2012WP\/wp-content\/uploads\/2016\/05\/q4g-st-pierre-d-oleron-02.jpg\" title=\"\" data-rl_title=\"\" class=\"rl-gallery-link\" data-rl_caption=\"Installation du mat\u00e9riel\" data-rel=\"lightbox-gallery-1\"><img loading=\"lazy\" decoding=\"async\" src=\"https:\/\/www.acdpa.net\/2012WP\/wp-content\/uploads\/2016\/05\/q4g-st-pierre-d-oleron-02-300x225.jpg\" width=\"300\" height=\"225\" alt=\"Installation du mat\u00e9riel\" \/><span class=\"rl-gallery-caption\"><span class=\"rl-gallery-item-caption\">Installation du mat\u00e9riel<\/span><\/span><\/a> <\/div> <\/div> <div class=\"rl-gallery-item\" > <div class=\"rl-gallery-item-content\"> <a href=\"https:\/\/www.acdpa.net\/2012WP\/wp-content\/uploads\/2016\/05\/q4g-st-pierre-d-oleron-03.jpg\" title=\"\" data-rl_title=\"\" class=\"rl-gallery-link\" data-rl_caption=\"R\u00e9glage de la table de mixage : Alexandre et Jean-Luc\" data-rel=\"lightbox-gallery-1\"><img loading=\"lazy\" decoding=\"async\" src=\"https:\/\/www.acdpa.net\/2012WP\/wp-content\/uploads\/2016\/05\/q4g-st-pierre-d-oleron-03-300x200.jpg\" width=\"300\" height=\"200\" alt=\"R\u00e9glage de la table de mixage : Alexandre et Jean-Luc\" \/><span class=\"rl-gallery-caption\"><span class=\"rl-gallery-item-caption\">R\u00e9glage de la table de mixage : Alexandre et Jean-Luc<\/span><\/span><\/a> <\/div> <\/div> <div class=\"rl-gallery-item\" > <div class=\"rl-gallery-item-content\"> <a href=\"https:\/\/www.acdpa.net\/2012WP\/wp-content\/uploads\/2016\/05\/q4g-st-pierre-d-oleron-04.jpg\" title=\"\" data-rl_title=\"\" class=\"rl-gallery-link\" data-rl_caption=\"J\u00e9r\u00f4me, le directeur du village-vacance\" data-rel=\"lightbox-gallery-1\"><img loading=\"lazy\" decoding=\"async\" src=\"https:\/\/www.acdpa.net\/2012WP\/wp-content\/uploads\/2016\/05\/q4g-st-pierre-d-oleron-04-240x300.jpg\" width=\"240\" height=\"300\" alt=\"J\u00e9r\u00f4me, le directeur du village-vacance\" \/><span class=\"rl-gallery-caption\"><span class=\"rl-gallery-item-caption\">J\u00e9r\u00f4me, le directeur du village-vacance<\/span><\/span><\/a> <\/div> <\/div> <div class=\"rl-gallery-item\" > <div class=\"rl-gallery-item-content\"> <a href=\"https:\/\/www.acdpa.net\/2012WP\/wp-content\/uploads\/2016\/05\/q4g-st-pierre-d-oleron-05.jpg\" title=\"\" data-rl_title=\"\" class=\"rl-gallery-link\" data-rl_caption=\"Alexandre est aussi notre guitariste\" data-rel=\"lightbox-gallery-1\"><img loading=\"lazy\" decoding=\"async\" src=\"https:\/\/www.acdpa.net\/2012WP\/wp-content\/uploads\/2016\/05\/q4g-st-pierre-d-oleron-05-300x225.jpg\" width=\"300\" height=\"225\" alt=\"Alexandre est aussi notre guitariste\" \/><span class=\"rl-gallery-caption\"><span class=\"rl-gallery-item-caption\">Alexandre est aussi notre guitariste<\/span><\/span><\/a> <\/div> <\/div> <div class=\"rl-gallery-item\" > <div class=\"rl-gallery-item-content\"> <a href=\"https:\/\/www.acdpa.net\/2012WP\/wp-content\/uploads\/2016\/05\/q4g-st-pierre-d-oleron-06.jpg\" title=\"\" data-rl_title=\"\" class=\"rl-gallery-link\" data-rl_caption=\"Premi\u00e8re sortie \u00e0 la C\u00f4tini\u00e8re : Alexandre, Gr\u00e2ce, B\u00e9r\u00e9nice, Yves et Abi\" data-rel=\"lightbox-gallery-1\"><img loading=\"lazy\" decoding=\"async\" src=\"https:\/\/www.acdpa.net\/2012WP\/wp-content\/uploads\/2016\/05\/q4g-st-pierre-d-oleron-06-300x225.jpg\" width=\"300\" height=\"225\" alt=\"Premi\u00e8re sortie \u00e0 la C\u00f4tini\u00e8re : Alexandre, Gr\u00e2ce, B\u00e9r\u00e9nice, Yves et Abi\" \/><span class=\"rl-gallery-caption\"><span class=\"rl-gallery-item-caption\">Premi\u00e8re sortie \u00e0 la C\u00f4tini\u00e8re : Alexandre, Gr\u00e2ce, B\u00e9r\u00e9nice, Yves et Abi<\/span><\/span><\/a> <\/div> <\/div> <div class=\"rl-gallery-item\" > <div class=\"rl-gallery-item-content\"> <a href=\"https:\/\/www.acdpa.net\/2012WP\/wp-content\/uploads\/2016\/05\/q4g-st-pierre-d-oleron-07.jpg\" title=\"\" data-rl_title=\"\" class=\"rl-gallery-link\" data-rl_caption=\"Alexandre, professeur de danse\" data-rel=\"lightbox-gallery-1\"><img loading=\"lazy\" decoding=\"async\" src=\"https:\/\/www.acdpa.net\/2012WP\/wp-content\/uploads\/2016\/05\/q4g-st-pierre-d-oleron-07-300x200.jpg\" width=\"300\" height=\"200\" alt=\"Alexandre, professeur de danse\" \/><span class=\"rl-gallery-caption\"><span class=\"rl-gallery-item-caption\">Alexandre, professeur de danse<\/span><\/span><\/a> <\/div> <\/div> <div class=\"rl-gallery-item\" > <div class=\"rl-gallery-item-content\"> <a href=\"https:\/\/www.acdpa.net\/2012WP\/wp-content\/uploads\/2016\/05\/q4g-st-pierre-d-oleron-08.jpg\" title=\"\" data-rl_title=\"\" class=\"rl-gallery-link\" data-rl_caption=\"Le premier spectacle\" data-rel=\"lightbox-gallery-1\"><img loading=\"lazy\" decoding=\"async\" src=\"https:\/\/www.acdpa.net\/2012WP\/wp-content\/uploads\/2016\/05\/q4g-st-pierre-d-oleron-08-300x200.jpg\" width=\"300\" height=\"200\" alt=\"Le premier spectacle\" \/><span class=\"rl-gallery-caption\"><span class=\"rl-gallery-item-caption\">Le premier spectacle<\/span><\/span><\/a> <\/div> <\/div> <div class=\"rl-gallery-item\" > <div class=\"rl-gallery-item-content\"> <a href=\"https:\/\/www.acdpa.net\/2012WP\/wp-content\/uploads\/2016\/05\/q4g-st-pierre-d-oleron-09.jpg\" title=\"\" data-rl_title=\"\" class=\"rl-gallery-link\" data-rl_caption=\"Le premier spectacle\" data-rel=\"lightbox-gallery-1\"><img loading=\"lazy\" decoding=\"async\" src=\"https:\/\/www.acdpa.net\/2012WP\/wp-content\/uploads\/2016\/05\/q4g-st-pierre-d-oleron-09-300x200.jpg\" width=\"300\" height=\"200\" alt=\"Le premier spectacle\" \/><span class=\"rl-gallery-caption\"><span class=\"rl-gallery-item-caption\">Le premier spectacle<\/span><\/span><\/a> <\/div> <\/div> <div class=\"rl-gallery-item\" > <div class=\"rl-gallery-item-content\"> <a href=\"https:\/\/www.acdpa.net\/2012WP\/wp-content\/uploads\/2016\/05\/q4g-st-pierre-d-oleron-10.jpg\" title=\"\" data-rl_title=\"\" class=\"rl-gallery-link\" data-rl_caption=\"Le premier spectacle\" data-rel=\"lightbox-gallery-1\"><img loading=\"lazy\" decoding=\"async\" src=\"https:\/\/www.acdpa.net\/2012WP\/wp-content\/uploads\/2016\/05\/q4g-st-pierre-d-oleron-10-300x200.jpg\" width=\"300\" height=\"200\" alt=\"Le premier spectacle\" \/><span class=\"rl-gallery-caption\"><span class=\"rl-gallery-item-caption\">Le premier spectacle<\/span><\/span><\/a> <\/div> <\/div> <div class=\"rl-gallery-item\" > <div class=\"rl-gallery-item-content\"> <a href=\"https:\/\/www.acdpa.net\/2012WP\/wp-content\/uploads\/2016\/05\/q4g-st-pierre-d-oleron-11.jpg\" title=\"\" data-rl_title=\"\" class=\"rl-gallery-link\" data-rl_caption=\"Pot apr\u00e8s le concert d\u2019Ol\u00e9ron\" data-rel=\"lightbox-gallery-1\"><img loading=\"lazy\" decoding=\"async\" src=\"https:\/\/www.acdpa.net\/2012WP\/wp-content\/uploads\/2016\/05\/q4g-st-pierre-d-oleron-11-300x225.jpg\" width=\"300\" height=\"225\" alt=\"Pot apr\u00e8s le concert d\u2019Ol\u00e9ron\" \/><span class=\"rl-gallery-caption\"><span class=\"rl-gallery-item-caption\">Pot apr\u00e8s le concert d\u2019Ol\u00e9ron<\/span><\/span><\/a> <\/div> <\/div> <div class=\"rl-gallery-item\" > <div class=\"rl-gallery-item-content\"> <a href=\"https:\/\/www.acdpa.net\/2012WP\/wp-content\/uploads\/2016\/05\/q4g-st-pierre-d-oleron-12.jpg\" title=\"\" data-rl_title=\"\" class=\"rl-gallery-link\" data-rl_caption=\"Nos logements, avec les v\u00e9los, mis \u00e0 disposition des Teenager, pendant tout le s\u00e9jour!!\" data-rel=\"lightbox-gallery-1\"><img loading=\"lazy\" decoding=\"async\" src=\"https:\/\/www.acdpa.net\/2012WP\/wp-content\/uploads\/2016\/05\/q4g-st-pierre-d-oleron-12-300x200.jpg\" width=\"300\" height=\"200\" alt=\"Nos logements, avec les v\u00e9los, mis \u00e0 disposition des Teenager, pendant tout le s\u00e9jour!!\" \/><span class=\"rl-gallery-caption\"><span class=\"rl-gallery-item-caption\">Nos logements, avec les v\u00e9los, mis \u00e0 disposition des Teenager, pendant tout le s\u00e9jour!!<\/span><\/span><\/a> <\/div> <\/div> <div class=\"rl-gallery-item\" > <div class=\"rl-gallery-item-content\"> <a href=\"https:\/\/www.acdpa.net\/2012WP\/wp-content\/uploads\/2016\/05\/q4g-st-pierre-d-oleron-13.jpg\" title=\"\" data-rl_title=\"\" class=\"rl-gallery-link\" data-rl_caption=\"Phare de Ch\u00e2ssiron\" data-rel=\"lightbox-gallery-1\"><img loading=\"lazy\" decoding=\"async\" src=\"https:\/\/www.acdpa.net\/2012WP\/wp-content\/uploads\/2016\/05\/q4g-st-pierre-d-oleron-13-225x300.jpg\" width=\"225\" height=\"300\" alt=\"Phare de Ch\u00e2ssiron\" \/><span class=\"rl-gallery-caption\"><span class=\"rl-gallery-item-caption\">Phare de Ch\u00e2ssiron<\/span><\/span><\/a> <\/div> <\/div> <div class=\"rl-gallery-item\" > <div class=\"rl-gallery-item-content\"> <a href=\"https:\/\/www.acdpa.net\/2012WP\/wp-content\/uploads\/2016\/05\/q4g-st-pierre-d-oleron-14.jpg\" title=\"\" data-rl_title=\"\" class=\"rl-gallery-link\" data-rl_caption=\"Vue, du haut du Phare\" data-rel=\"lightbox-gallery-1\"><img loading=\"lazy\" decoding=\"async\" src=\"https:\/\/www.acdpa.net\/2012WP\/wp-content\/uploads\/2016\/05\/q4g-st-pierre-d-oleron-14-300x169.jpg\" width=\"300\" height=\"169\" alt=\"Vue, du haut du Phare\" \/><span class=\"rl-gallery-caption\"><span class=\"rl-gallery-item-caption\">Vue, du haut du Phare<\/span><\/span><\/a> <\/div> <\/div> <div class=\"rl-gallery-item\" > <div class=\"rl-gallery-item-content\"> <a href=\"https:\/\/www.acdpa.net\/2012WP\/wp-content\/uploads\/2016\/05\/q4g-st-pierre-d-oleron-15.jpg\" title=\"\" data-rl_title=\"\" class=\"rl-gallery-link\" data-rl_caption=\"Sur le catamaran\" data-rel=\"lightbox-gallery-1\"><img loading=\"lazy\" decoding=\"async\" src=\"https:\/\/www.acdpa.net\/2012WP\/wp-content\/uploads\/2016\/05\/q4g-st-pierre-d-oleron-15-300x200.jpg\" width=\"300\" height=\"200\" alt=\"Sur le catamaran\" \/><span class=\"rl-gallery-caption\"><span class=\"rl-gallery-item-caption\">Sur le catamaran<\/span><\/span><\/a> <\/div> <\/div> <div class=\"rl-gallery-item\" > <div class=\"rl-gallery-item-content\"> <a href=\"https:\/\/www.acdpa.net\/2012WP\/wp-content\/uploads\/2016\/05\/q4g-st-pierre-d-oleron-16.jpg\" title=\"\" data-rl_title=\"\" class=\"rl-gallery-link\" data-rl_caption=\"Sur le catamaran\" data-rel=\"lightbox-gallery-1\"><img loading=\"lazy\" decoding=\"async\" src=\"https:\/\/www.acdpa.net\/2012WP\/wp-content\/uploads\/2016\/05\/q4g-st-pierre-d-oleron-16-300x200.jpg\" width=\"300\" height=\"200\" alt=\"Sur le catamaran\" \/><span class=\"rl-gallery-caption\"><span class=\"rl-gallery-item-caption\">Sur le catamaran<\/span><\/span><\/a> <\/div> <\/div> <div class=\"rl-gallery-item\" > <div class=\"rl-gallery-item-content\"> <a href=\"https:\/\/www.acdpa.net\/2012WP\/wp-content\/uploads\/2016\/05\/q4g-st-pierre-d-oleron-17.jpg\" title=\"\" data-rl_title=\"\" class=\"rl-gallery-link\" data-rl_caption=\"les Sarcellois sur sc\u00e8ne. Premier rang : le petit Alexandre, \u00c9lodie, Yves, Abinaniou, B\u00e9r\u00e9nice; deuxi\u00e8me rang : Gr\u00e2ce\" data-rel=\"lightbox-gallery-1\"><img loading=\"lazy\" decoding=\"async\" src=\"https:\/\/www.acdpa.net\/2012WP\/wp-content\/uploads\/2016\/05\/q4g-st-pierre-d-oleron-17-300x225.jpg\" width=\"300\" height=\"225\" alt=\"les Sarcellois sur sc\u00e8ne. Premier rang : le petit Alexandre, \u00c9lodie, Yves, Abinaniou, B\u00e9r\u00e9nice; deuxi\u00e8me rang : Gr\u00e2ce\" \/><span class=\"rl-gallery-caption\"><span class=\"rl-gallery-item-caption\">les Sarcellois sur sc\u00e8ne. Premier rang : le petit Alexandre, \u00c9lodie, Yves, Abinaniou, B\u00e9r\u00e9nice; deuxi\u00e8me rang : Gr\u00e2ce<\/span><\/span><\/a> <\/div> <\/div> <div class=\"rl-gallery-item\" > <div class=\"rl-gallery-item-content\"> <a href=\"https:\/\/www.acdpa.net\/2012WP\/wp-content\/uploads\/2016\/05\/q4g-st-pierre-d-oleron-18.jpg\" title=\"\" data-rl_title=\"\" class=\"rl-gallery-link\" data-rl_caption=\"D\u00e9j\u00e0 qu&#039;il n&#039;y avait pas la TV, alors !\" data-rel=\"lightbox-gallery-1\"><img loading=\"lazy\" decoding=\"async\" src=\"https:\/\/www.acdpa.net\/2012WP\/wp-content\/uploads\/2016\/05\/q4g-st-pierre-d-oleron-18-300x225.jpg\" width=\"300\" height=\"225\" alt=\"D\u00e9j\u00e0 qu&#039;il n&#039;y avait pas la TV, alors !\" \/><span class=\"rl-gallery-caption\"><span class=\"rl-gallery-item-caption\">D\u00e9j\u00e0 qu&#039;il n&#039;y avait pas la TV, alors !<\/span><\/span><\/a> <\/div> <\/div> <div class=\"rl-gallery-item\" > <div class=\"rl-gallery-item-content\"> <a href=\"https:\/\/www.acdpa.net\/2012WP\/wp-content\/uploads\/2016\/05\/q4g-st-pierre-d-oleron-19.jpg\" title=\"\" data-rl_title=\"\" class=\"rl-gallery-link\" data-rl_caption=\"Apr\u00e8s la voile... l&#039;activit\u00e9 Cano\u00eb\" data-rel=\"lightbox-gallery-1\"><img loading=\"lazy\" decoding=\"async\" src=\"https:\/\/www.acdpa.net\/2012WP\/wp-content\/uploads\/2016\/05\/q4g-st-pierre-d-oleron-19-300x200.jpg\" width=\"300\" height=\"200\" alt=\"Apr\u00e8s la voile... l&#039;activit\u00e9 Cano\u00eb\" \/><span class=\"rl-gallery-caption\"><span class=\"rl-gallery-item-caption\">Apr\u00e8s la voile... l&#039;activit\u00e9 Cano\u00eb<\/span><\/span><\/a> <\/div> <\/div> <div class=\"rl-gallery-item\" > <div class=\"rl-gallery-item-content\"> <a href=\"https:\/\/www.acdpa.net\/2012WP\/wp-content\/uploads\/2016\/05\/q4g-st-pierre-d-oleron-20.jpg\" title=\"\" data-rl_title=\"\" class=\"rl-gallery-link\" data-rl_caption=\"Gr\u00e2ce et Abi\" data-rel=\"lightbox-gallery-1\"><img loading=\"lazy\" decoding=\"async\" src=\"https:\/\/www.acdpa.net\/2012WP\/wp-content\/uploads\/2016\/05\/q4g-st-pierre-d-oleron-20-300x225.jpg\" width=\"300\" height=\"225\" alt=\"Gr\u00e2ce et Abi\" \/><span class=\"rl-gallery-caption\"><span class=\"rl-gallery-item-caption\">Gr\u00e2ce et Abi<\/span><\/span><\/a> <\/div> <\/div> <div class=\"rl-gallery-item\" > <div class=\"rl-gallery-item-content\"> <a href=\"https:\/\/www.acdpa.net\/2012WP\/wp-content\/uploads\/2016\/05\/q4g-st-pierre-d-oleron-21.jpg\" title=\"\" data-rl_title=\"\" class=\"rl-gallery-link\" data-rl_caption=\"Yves et B\u00e9r\u00e9nice\" data-rel=\"lightbox-gallery-1\"><img loading=\"lazy\" decoding=\"async\" src=\"https:\/\/www.acdpa.net\/2012WP\/wp-content\/uploads\/2016\/05\/q4g-st-pierre-d-oleron-21-300x225.jpg\" width=\"300\" height=\"225\" alt=\"Yves et B\u00e9r\u00e9nice\" \/><span class=\"rl-gallery-caption\"><span class=\"rl-gallery-item-caption\">Yves et B\u00e9r\u00e9nice<\/span><\/span><\/a> <\/div> <\/div> <div class=\"rl-gallery-item\" > <div class=\"rl-gallery-item-content\"> <a href=\"https:\/\/www.acdpa.net\/2012WP\/wp-content\/uploads\/2016\/05\/q4g-st-pierre-d-oleron-22.jpg\" title=\"\" data-rl_title=\"\" class=\"rl-gallery-link\" data-rl_caption=\"Yves et B\u00e9r\u00e9nice... belle synchronisation\" data-rel=\"lightbox-gallery-1\"><img loading=\"lazy\" decoding=\"async\" src=\"https:\/\/www.acdpa.net\/2012WP\/wp-content\/uploads\/2016\/05\/q4g-st-pierre-d-oleron-22-225x300.jpg\" width=\"225\" height=\"300\" alt=\"Yves et B\u00e9r\u00e9nice... belle synchronisation\" \/><span class=\"rl-gallery-caption\"><span class=\"rl-gallery-item-caption\">Yves et B\u00e9r\u00e9nice... belle synchronisation<\/span><\/span><\/a> <\/div> <\/div> <div class=\"rl-gallery-item\" > <div class=\"rl-gallery-item-content\"> <a href=\"https:\/\/www.acdpa.net\/2012WP\/wp-content\/uploads\/2016\/05\/q4g-st-pierre-d-oleron-23.jpg\" title=\"\" data-rl_title=\"\" class=\"rl-gallery-link\" data-rl_caption=\"Pr\u00e9paration \u00e0 l&#039;activit\u00e9 Voile\" data-rel=\"lightbox-gallery-1\"><img loading=\"lazy\" decoding=\"async\" src=\"https:\/\/www.acdpa.net\/2012WP\/wp-content\/uploads\/2016\/05\/q4g-st-pierre-d-oleron-23-300x225.jpg\" width=\"300\" height=\"225\" alt=\"Pr\u00e9paration \u00e0 l&#039;activit\u00e9 Voile\" \/><span class=\"rl-gallery-caption\"><span class=\"rl-gallery-item-caption\">Pr\u00e9paration \u00e0 l&#039;activit\u00e9 Voile<\/span><\/span><\/a> <\/div> <\/div> <div class=\"rl-gallery-item\" > <div class=\"rl-gallery-item-content\"> <a href=\"https:\/\/www.acdpa.net\/2012WP\/wp-content\/uploads\/2016\/05\/q4g-st-pierre-d-oleron-24.jpg\" title=\"\" data-rl_title=\"\" class=\"rl-gallery-link\" data-rl_caption=\"Activit\u00e9 : catamaran\" data-rel=\"lightbox-gallery-1\"><img loading=\"lazy\" decoding=\"async\" src=\"https:\/\/www.acdpa.net\/2012WP\/wp-content\/uploads\/2016\/05\/q4g-st-pierre-d-oleron-24-225x300.jpg\" width=\"225\" height=\"300\" alt=\"Activit\u00e9 : catamaran\" \/><span class=\"rl-gallery-caption\"><span class=\"rl-gallery-item-caption\">Activit\u00e9 : catamaran<\/span><\/span><\/a> <\/div> <\/div> <div class=\"rl-gallery-item\" > <div class=\"rl-gallery-item-content\"> <a href=\"https:\/\/www.acdpa.net\/2012WP\/wp-content\/uploads\/2016\/05\/q4g-st-pierre-d-oleron-25.jpg\" title=\"\" data-rl_title=\"\" class=\"rl-gallery-link\" data-rl_caption=\"Briefing devant les catamarans\" data-rel=\"lightbox-gallery-1\"><img loading=\"lazy\" decoding=\"async\" src=\"https:\/\/www.acdpa.net\/2012WP\/wp-content\/uploads\/2016\/05\/q4g-st-pierre-d-oleron-25-225x300.jpg\" width=\"225\" height=\"300\" alt=\"Briefing devant les catamarans\" \/><span class=\"rl-gallery-caption\"><span class=\"rl-gallery-item-caption\">Briefing devant les catamarans<\/span><\/span><\/a> <\/div> <\/div> <div class=\"rl-gallery-item\" > <div class=\"rl-gallery-item-content\"> <a href=\"https:\/\/www.acdpa.net\/2012WP\/wp-content\/uploads\/2016\/05\/q4g-st-pierre-d-oleron-26.jpg\" title=\"\" data-rl_title=\"\" class=\"rl-gallery-link\" data-rl_caption=\"Activit\u00e9 &quot;Optimiste&quot; : B\u00e9r\u00e9nice, Jean-Luc, Alex, Abi, Gr\u00e2ce et Yves\" data-rel=\"lightbox-gallery-1\"><img loading=\"lazy\" decoding=\"async\" src=\"https:\/\/www.acdpa.net\/2012WP\/wp-content\/uploads\/2016\/05\/q4g-st-pierre-d-oleron-26-300x225.jpg\" width=\"300\" height=\"225\" alt=\"Activit\u00e9 &quot;Optimiste&quot; : B\u00e9r\u00e9nice, Jean-Luc, Alex, Abi, Gr\u00e2ce et Yves\" \/><span class=\"rl-gallery-caption\"><span class=\"rl-gallery-item-caption\">Activit\u00e9 &quot;Optimiste&quot; : B\u00e9r\u00e9nice, Jean-Luc, Alex, Abi, Gr\u00e2ce et Yves<\/span><\/span><\/a> <\/div> <\/div> <div class=\"rl-gallery-item\" > <div class=\"rl-gallery-item-content\"> <a href=\"https:\/\/www.acdpa.net\/2012WP\/wp-content\/uploads\/2016\/05\/q4g-st-pierre-d-oleron-27.jpg\" title=\"\" data-rl_title=\"\" class=\"rl-gallery-link\" data-rl_caption=\"Alexandre et Gr\u00e2ce\" data-rel=\"lightbox-gallery-1\"><img loading=\"lazy\" decoding=\"async\" src=\"https:\/\/www.acdpa.net\/2012WP\/wp-content\/uploads\/2016\/05\/q4g-st-pierre-d-oleron-27-300x225.jpg\" width=\"300\" height=\"225\" alt=\"Alexandre et Gr\u00e2ce\" \/><span class=\"rl-gallery-caption\"><span class=\"rl-gallery-item-caption\">Alexandre et Gr\u00e2ce<\/span><\/span><\/a> <\/div> <\/div> <div class=\"rl-gallery-item\" > <div class=\"rl-gallery-item-content\"> <a href=\"https:\/\/www.acdpa.net\/2012WP\/wp-content\/uploads\/2016\/05\/q4g-st-pierre-d-oleron-28.jpg\" title=\"\" data-rl_title=\"\" class=\"rl-gallery-link\" data-rl_caption=\"\u00c7a va mieux... Yves au premier plan; Jean-Luc, B\u00e9r\u00e9nice et Gr\u00e2ce au second plan\" data-rel=\"lightbox-gallery-1\"><img loading=\"lazy\" decoding=\"async\" src=\"https:\/\/www.acdpa.net\/2012WP\/wp-content\/uploads\/2016\/05\/q4g-st-pierre-d-oleron-28-300x225.jpg\" width=\"300\" height=\"225\" alt=\"\u00c7a va mieux... Yves au premier plan; Jean-Luc, B\u00e9r\u00e9nice et Gr\u00e2ce au second plan\" \/><span class=\"rl-gallery-caption\"><span class=\"rl-gallery-item-caption\">\u00c7a va mieux... Yves au premier plan; Jean-Luc, B\u00e9r\u00e9nice et Gr\u00e2ce au second plan<\/span><\/span><\/a> <\/div> <\/div> <div class=\"rl-gallery-item\" > <div class=\"rl-gallery-item-content\"> <a href=\"https:\/\/www.acdpa.net\/2012WP\/wp-content\/uploads\/2016\/05\/q4g-st-pierre-d-oleron-29.jpg\" title=\"\" data-rl_title=\"\" class=\"rl-gallery-link\" data-rl_caption=\"Abi d\u00e9couvre le dinghy\" data-rel=\"lightbox-gallery-1\"><img loading=\"lazy\" decoding=\"async\" src=\"https:\/\/www.acdpa.net\/2012WP\/wp-content\/uploads\/2016\/05\/q4g-st-pierre-d-oleron-29-300x300.jpg\" width=\"300\" height=\"300\" alt=\"Abi d\u00e9couvre le dinghy\" \/><span class=\"rl-gallery-caption\"><span class=\"rl-gallery-item-caption\">Abi d\u00e9couvre le dinghy<\/span><\/span><\/a> <\/div> <\/div> <div class=\"rl-gallery-item\" > <div class=\"rl-gallery-item-content\"> <a href=\"https:\/\/www.acdpa.net\/2012WP\/wp-content\/uploads\/2016\/05\/q4g-st-pierre-d-oleron-30.jpg\" title=\"\" data-rl_title=\"\" class=\"rl-gallery-link\" data-rl_caption=\"Yves contr\u00f4le bien\" data-rel=\"lightbox-gallery-1\"><img loading=\"lazy\" decoding=\"async\" src=\"https:\/\/www.acdpa.net\/2012WP\/wp-content\/uploads\/2016\/05\/q4g-st-pierre-d-oleron-30-300x225.jpg\" width=\"300\" height=\"225\" alt=\"Yves contr\u00f4le bien\" \/><span class=\"rl-gallery-caption\"><span class=\"rl-gallery-item-caption\">Yves contr\u00f4le bien<\/span><\/span><\/a> <\/div> <\/div> <div class=\"rl-gallery-item\" > <div class=\"rl-gallery-item-content\"> <a href=\"https:\/\/www.acdpa.net\/2012WP\/wp-content\/uploads\/2016\/05\/q4g-st-pierre-d-oleron-31.jpg\" title=\"\" data-rl_title=\"\" class=\"rl-gallery-link\" data-rl_caption=\"La flotte d&#039;optimistes des Teenager\" data-rel=\"lightbox-gallery-1\"><img loading=\"lazy\" decoding=\"async\" src=\"https:\/\/www.acdpa.net\/2012WP\/wp-content\/uploads\/2016\/05\/q4g-st-pierre-d-oleron-31-300x169.jpg\" width=\"300\" height=\"169\" alt=\"La flotte d&#039;optimistes des Teenager\" \/><span class=\"rl-gallery-caption\"><span class=\"rl-gallery-item-caption\">La flotte d&#039;optimistes des Teenager<\/span><\/span><\/a> <\/div> <\/div> <div class=\"rl-gallery-item\" > <div class=\"rl-gallery-item-content\"> <a href=\"https:\/\/www.acdpa.net\/2012WP\/wp-content\/uploads\/2016\/05\/q4g-st-pierre-d-oleron-32.jpg\" title=\"\" data-rl_title=\"\" class=\"rl-gallery-link\" data-rl_caption=\"B\u00e9r\u00e9nice, conseill\u00e9e par Jean-Luc\" data-rel=\"lightbox-gallery-1\"><img loading=\"lazy\" decoding=\"async\" src=\"https:\/\/www.acdpa.net\/2012WP\/wp-content\/uploads\/2016\/05\/q4g-st-pierre-d-oleron-32-300x225.jpg\" width=\"300\" height=\"225\" alt=\"B\u00e9r\u00e9nice, conseill\u00e9e par Jean-Luc\" \/><span class=\"rl-gallery-caption\"><span class=\"rl-gallery-item-caption\">B\u00e9r\u00e9nice, conseill\u00e9e par Jean-Luc<\/span><\/span><\/a> <\/div> <\/div> <div class=\"rl-gallery-item\" > <div class=\"rl-gallery-item-content\"> <a href=\"https:\/\/www.acdpa.net\/2012WP\/wp-content\/uploads\/2016\/05\/q4g-st-pierre-d-oleron-33.jpg\" title=\"\" data-rl_title=\"\" class=\"rl-gallery-link\" data-rl_caption=\"B\u00e9r\u00e9nice : \u00e7a y est, \u00e7a avance...\" data-rel=\"lightbox-gallery-1\"><img loading=\"lazy\" decoding=\"async\" src=\"https:\/\/www.acdpa.net\/2012WP\/wp-content\/uploads\/2016\/05\/q4g-st-pierre-d-oleron-33-300x300.jpg\" width=\"300\" height=\"300\" alt=\"B\u00e9r\u00e9nice : \u00e7a y est, \u00e7a avance...\" \/><span class=\"rl-gallery-caption\"><span class=\"rl-gallery-item-caption\">B\u00e9r\u00e9nice : \u00e7a y est, \u00e7a avance...<\/span><\/span><\/a> <\/div> <\/div> <div class=\"rl-gallery-item\" > <div class=\"rl-gallery-item-content\"> <a href=\"https:\/\/www.acdpa.net\/2012WP\/wp-content\/uploads\/2016\/05\/q4g-st-pierre-d-oleron-34.jpg\" title=\"\" data-rl_title=\"\" class=\"rl-gallery-link\" data-rl_caption=\"Gr\u00e2ce... bienheureux\" data-rel=\"lightbox-gallery-1\"><img loading=\"lazy\" decoding=\"async\" src=\"https:\/\/www.acdpa.net\/2012WP\/wp-content\/uploads\/2016\/05\/q4g-st-pierre-d-oleron-34-300x225.jpg\" width=\"300\" height=\"225\" alt=\"Gr\u00e2ce... bienheureux\" \/><span class=\"rl-gallery-caption\"><span class=\"rl-gallery-item-caption\">Gr\u00e2ce... bienheureux<\/span><\/span><\/a> <\/div> <\/div> <div class=\"rl-gallery-item\" > <div class=\"rl-gallery-item-content\"> <a href=\"https:\/\/www.acdpa.net\/2012WP\/wp-content\/uploads\/2016\/05\/q4g-st-pierre-d-oleron-35.jpg\" title=\"\" data-rl_title=\"\" class=\"rl-gallery-link\" data-rl_caption=\"Alexandre... en difficult\u00e9\" data-rel=\"lightbox-gallery-1\"><img loading=\"lazy\" decoding=\"async\" src=\"https:\/\/www.acdpa.net\/2012WP\/wp-content\/uploads\/2016\/05\/q4g-st-pierre-d-oleron-35-300x300.jpg\" width=\"300\" height=\"300\" alt=\"Alexandre... en difficult\u00e9\" \/><span class=\"rl-gallery-caption\"><span class=\"rl-gallery-item-caption\">Alexandre... en difficult\u00e9<\/span><\/span><\/a> <\/div> <\/div> <div class=\"rl-gallery-item\" > <div class=\"rl-gallery-item-content\"> <a href=\"https:\/\/www.acdpa.net\/2012WP\/wp-content\/uploads\/2016\/05\/q4g-st-pierre-d-oleron-36.jpg\" title=\"\" data-rl_title=\"\" class=\"rl-gallery-link\" data-rl_caption=\"Empennage pour B\u00e9r\u00e9nice\" data-rel=\"lightbox-gallery-1\"><img loading=\"lazy\" decoding=\"async\" src=\"https:\/\/www.acdpa.net\/2012WP\/wp-content\/uploads\/2016\/05\/q4g-st-pierre-d-oleron-36-300x225.jpg\" width=\"300\" height=\"225\" alt=\"Empennage pour B\u00e9r\u00e9nice\" \/><span class=\"rl-gallery-caption\"><span class=\"rl-gallery-item-caption\">Empennage pour B\u00e9r\u00e9nice<\/span><\/span><\/a> <\/div> <\/div> <div class=\"rl-gallery-item\" > <div class=\"rl-gallery-item-content\"> <a href=\"https:\/\/www.acdpa.net\/2012WP\/wp-content\/uploads\/2016\/05\/q4g-st-pierre-d-oleron-37.jpg\" title=\"\" data-rl_title=\"\" class=\"rl-gallery-link\" data-rl_caption=\"chor\u00e9graphies Yves, petit Alexandre, Abinaniou, \u00c9lodie, B\u00e9r\u00e9nice\" data-rel=\"lightbox-gallery-1\"><img loading=\"lazy\" decoding=\"async\" src=\"https:\/\/www.acdpa.net\/2012WP\/wp-content\/uploads\/2016\/05\/q4g-st-pierre-d-oleron-37-300x200.jpg\" width=\"300\" height=\"200\" alt=\"chor\u00e9graphies Yves, petit Alexandre, Abinaniou, \u00c9lodie, B\u00e9r\u00e9nice\" \/><span class=\"rl-gallery-caption\"><span class=\"rl-gallery-item-caption\">chor\u00e9graphies Yves, petit Alexandre, Abinaniou, \u00c9lodie, B\u00e9r\u00e9nice<\/span><\/span><\/a> <\/div> <\/div> <div class=\"rl-gallery-item\" > <div class=\"rl-gallery-item-content\"> <a href=\"https:\/\/www.acdpa.net\/2012WP\/wp-content\/uploads\/2016\/05\/q4g-st-pierre-d-oleron-38.jpg\" title=\"\" data-rl_title=\"\" class=\"rl-gallery-link\" data-rl_caption=\"Alexandre, B\u00e9r\u00e9nice, Yves, et Michel attendent le Zodiac qui doit les emmener sur le trimaran pour faire le tour de fort Boyard\" data-rel=\"lightbox-gallery-1\"><img loading=\"lazy\" decoding=\"async\" src=\"https:\/\/www.acdpa.net\/2012WP\/wp-content\/uploads\/2016\/05\/q4g-st-pierre-d-oleron-38-300x225.jpg\" width=\"300\" height=\"225\" alt=\"Alexandre, B\u00e9r\u00e9nice, Yves, et Michel attendent le Zodiac qui doit les emmener sur le trimaran pour faire le tour de fort Boyard\" \/><span class=\"rl-gallery-caption\"><span class=\"rl-gallery-item-caption\">Alexandre, B\u00e9r\u00e9nice, Yves, et Michel attendent le Zodiac qui doit les emmener sur le trimaran pour faire le tour de fort Boyard<\/span><\/span><\/a> <\/div> <\/div> <div class=\"rl-gallery-item\" > <div class=\"rl-gallery-item-content\"> <a href=\"https:\/\/www.acdpa.net\/2012WP\/wp-content\/uploads\/2016\/05\/q4g-st-pierre-d-oleron-39.jpg\" title=\"\" data-rl_title=\"\" class=\"rl-gallery-link\" data-rl_caption=\"Tour du Fort Boyard,avec un catamaran\" data-rel=\"lightbox-gallery-1\"><img loading=\"lazy\" decoding=\"async\" src=\"https:\/\/www.acdpa.net\/2012WP\/wp-content\/uploads\/2016\/05\/q4g-st-pierre-d-oleron-39-300x169.jpg\" width=\"300\" height=\"169\" alt=\"Tour du Fort Boyard,avec un catamaran\" \/><span class=\"rl-gallery-caption\"><span class=\"rl-gallery-item-caption\">Tour du Fort Boyard,avec un catamaran<\/span><\/span><\/a> <\/div> <\/div> <div class=\"rl-gallery-item\" > <div class=\"rl-gallery-item-content\"> <a href=\"https:\/\/www.acdpa.net\/2012WP\/wp-content\/uploads\/2016\/05\/q4g-st-pierre-d-oleron-40.jpg\" title=\"\" data-rl_title=\"\" class=\"rl-gallery-link\" data-rl_caption=\"Abi\" data-rel=\"lightbox-gallery-1\"><img loading=\"lazy\" decoding=\"async\" src=\"https:\/\/www.acdpa.net\/2012WP\/wp-content\/uploads\/2016\/05\/q4g-st-pierre-d-oleron-40-300x300.jpg\" width=\"300\" height=\"300\" alt=\"Abi\" \/><span class=\"rl-gallery-caption\"><span class=\"rl-gallery-item-caption\">Abi<\/span><\/span><\/a> <\/div> <\/div> <div class=\"rl-gallery-item\" > <div class=\"rl-gallery-item-content\"> <a href=\"https:\/\/www.acdpa.net\/2012WP\/wp-content\/uploads\/2016\/05\/q4g-st-pierre-d-oleron-41.jpg\" title=\"\" data-rl_title=\"\" class=\"rl-gallery-link\" data-rl_caption=\"Abi, B\u00e9r\u00e9nice, Gr\u00e2ce et Alexandre\" data-rel=\"lightbox-gallery-1\"><img loading=\"lazy\" decoding=\"async\" src=\"https:\/\/www.acdpa.net\/2012WP\/wp-content\/uploads\/2016\/05\/q4g-st-pierre-d-oleron-41-300x225.jpg\" width=\"300\" height=\"225\" alt=\"Abi, B\u00e9r\u00e9nice, Gr\u00e2ce et Alexandre\" \/><span class=\"rl-gallery-caption\"><span class=\"rl-gallery-item-caption\">Abi, B\u00e9r\u00e9nice, Gr\u00e2ce et Alexandre<\/span><\/span><\/a> <\/div> <\/div> <div class=\"rl-gallery-item\" > <div class=\"rl-gallery-item-content\"> <a href=\"https:\/\/www.acdpa.net\/2012WP\/wp-content\/uploads\/2016\/05\/q4g-st-pierre-d-oleron-42.jpg\" title=\"\" data-rl_title=\"\" class=\"rl-gallery-link\" data-rl_caption=\"Vue sur le fort Boyard, en arri\u00e8re plan\" data-rel=\"lightbox-gallery-1\"><img loading=\"lazy\" decoding=\"async\" src=\"https:\/\/www.acdpa.net\/2012WP\/wp-content\/uploads\/2016\/05\/q4g-st-pierre-d-oleron-42-300x225.jpg\" width=\"300\" height=\"225\" alt=\"Vue sur le fort Boyard, en arri\u00e8re plan\" \/><span class=\"rl-gallery-caption\"><span class=\"rl-gallery-item-caption\">Vue sur le fort Boyard, en arri\u00e8re plan<\/span><\/span><\/a> <\/div> <\/div> <div class=\"rl-gallery-item\" > <div class=\"rl-gallery-item-content\"> <a href=\"https:\/\/www.acdpa.net\/2012WP\/wp-content\/uploads\/2016\/05\/q4g-st-pierre-d-oleron-43.jpg\" title=\"\" data-rl_title=\"\" class=\"rl-gallery-link\" data-rl_caption=\"Alexandre et Jean-Luc\" data-rel=\"lightbox-gallery-1\"><img loading=\"lazy\" decoding=\"async\" src=\"https:\/\/www.acdpa.net\/2012WP\/wp-content\/uploads\/2016\/05\/q4g-st-pierre-d-oleron-43-300x225.jpg\" width=\"300\" height=\"225\" alt=\"Alexandre et Jean-Luc\" \/><span class=\"rl-gallery-caption\"><span class=\"rl-gallery-item-caption\">Alexandre et Jean-Luc<\/span><\/span><\/a> <\/div> <\/div> <div class=\"rl-gallery-item\" > <div class=\"rl-gallery-item-content\"> <a href=\"https:\/\/www.acdpa.net\/2012WP\/wp-content\/uploads\/2016\/05\/q4g-st-pierre-d-oleron-44.jpg\" title=\"\" data-rl_title=\"\" class=\"rl-gallery-link\" data-rl_caption=\"B\u00e9r\u00e9nice... \u00e0 la barre\" data-rel=\"lightbox-gallery-1\"><img loading=\"lazy\" decoding=\"async\" src=\"https:\/\/www.acdpa.net\/2012WP\/wp-content\/uploads\/2016\/05\/q4g-st-pierre-d-oleron-44-225x300.jpg\" width=\"225\" height=\"300\" alt=\"B\u00e9r\u00e9nice... \u00e0 la barre\" \/><span class=\"rl-gallery-caption\"><span class=\"rl-gallery-item-caption\">B\u00e9r\u00e9nice... \u00e0 la barre<\/span><\/span><\/a> <\/div> <\/div> <div class=\"rl-gallery-item\" > <div class=\"rl-gallery-item-content\"> <a href=\"https:\/\/www.acdpa.net\/2012WP\/wp-content\/uploads\/2016\/05\/q4g-st-pierre-d-oleron-45.jpg\" title=\"\" data-rl_title=\"\" class=\"rl-gallery-link\" data-rl_caption=\"Approche du fort Boyard\" data-rel=\"lightbox-gallery-1\"><img loading=\"lazy\" decoding=\"async\" src=\"https:\/\/www.acdpa.net\/2012WP\/wp-content\/uploads\/2016\/05\/q4g-st-pierre-d-oleron-45-300x225.jpg\" width=\"300\" height=\"225\" alt=\"Approche du fort Boyard\" \/><span class=\"rl-gallery-caption\"><span class=\"rl-gallery-item-caption\">Approche du fort Boyard<\/span><\/span><\/a> <\/div> <\/div> <div class=\"rl-gallery-item\" > <div class=\"rl-gallery-item-content\"> <a href=\"https:\/\/www.acdpa.net\/2012WP\/wp-content\/uploads\/2016\/05\/q4g-st-pierre-d-oleron-46.jpg\" title=\"\" data-rl_title=\"\" class=\"rl-gallery-link\" data-rl_caption=\"\u00e0 bord du trimaran : fort Boyard en vue\" data-rel=\"lightbox-gallery-1\"><img loading=\"lazy\" decoding=\"async\" src=\"https:\/\/www.acdpa.net\/2012WP\/wp-content\/uploads\/2016\/05\/q4g-st-pierre-d-oleron-46-300x225.jpg\" width=\"300\" height=\"225\" alt=\"\u00e0 bord du trimaran : fort Boyard en vue\" \/><span class=\"rl-gallery-caption\"><span class=\"rl-gallery-item-caption\">\u00e0 bord du trimaran : fort Boyard en vue<\/span><\/span><\/a> <\/div> <\/div> <div class=\"rl-gallery-item\" > <div class=\"rl-gallery-item-content\"> <a href=\"https:\/\/www.acdpa.net\/2012WP\/wp-content\/uploads\/2016\/05\/q4g-st-pierre-d-oleron-47.jpg\" title=\"\" data-rl_title=\"\" class=\"rl-gallery-link\" data-rl_caption=\"Le Fort Boyard\" data-rel=\"lightbox-gallery-1\"><img loading=\"lazy\" decoding=\"async\" src=\"https:\/\/www.acdpa.net\/2012WP\/wp-content\/uploads\/2016\/05\/q4g-st-pierre-d-oleron-47-300x225.jpg\" width=\"300\" height=\"225\" alt=\"Le Fort Boyard\" \/><span class=\"rl-gallery-caption\"><span class=\"rl-gallery-item-caption\">Le Fort Boyard<\/span><\/span><\/a> <\/div> <\/div> <div class=\"rl-gallery-item\" > <div class=\"rl-gallery-item-content\"> <a href=\"https:\/\/www.acdpa.net\/2012WP\/wp-content\/uploads\/2016\/05\/q4g-st-pierre-d-oleron-48.jpg\" title=\"\" data-rl_title=\"\" class=\"rl-gallery-link\" data-rl_caption=\"de retour de l&#039;\u00eele d&#039;Aix, vers Ol\u00e9ron\" data-rel=\"lightbox-gallery-1\"><img loading=\"lazy\" decoding=\"async\" src=\"https:\/\/www.acdpa.net\/2012WP\/wp-content\/uploads\/2016\/05\/q4g-st-pierre-d-oleron-48-300x225.jpg\" width=\"300\" height=\"225\" alt=\"de retour de l&#039;\u00eele d&#039;Aix, vers Ol\u00e9ron\" \/><span class=\"rl-gallery-caption\"><span class=\"rl-gallery-item-caption\">de retour de l&#039;\u00eele d&#039;Aix, vers Ol\u00e9ron<\/span><\/span><\/a> <\/div> <\/div> <div class=\"rl-gallery-item\" > <div class=\"rl-gallery-item-content\"> <a href=\"https:\/\/www.acdpa.net\/2012WP\/wp-content\/uploads\/2016\/05\/q4g-st-pierre-d-oleron-49.jpg\" title=\"\" data-rl_title=\"\" class=\"rl-gallery-link\" data-rl_caption=\"Abinaniou aide \u00e0 d\u00e9ployer le foc du trimaran\" data-rel=\"lightbox-gallery-1\"><img loading=\"lazy\" decoding=\"async\" src=\"https:\/\/www.acdpa.net\/2012WP\/wp-content\/uploads\/2016\/05\/q4g-st-pierre-d-oleron-49-225x300.jpg\" width=\"225\" height=\"300\" alt=\"Abinaniou aide \u00e0 d\u00e9ployer le foc du trimaran\" \/><span class=\"rl-gallery-caption\"><span class=\"rl-gallery-item-caption\">Abinaniou aide \u00e0 d\u00e9ployer le foc du trimaran<\/span><\/span><\/a> <\/div> <\/div> <div class=\"rl-gallery-item\" > <div class=\"rl-gallery-item-content\"> <a href=\"https:\/\/www.acdpa.net\/2012WP\/wp-content\/uploads\/2016\/05\/q4g-st-pierre-d-oleron-50.jpg\" title=\"\" data-rl_title=\"\" class=\"rl-gallery-link\" data-rl_caption=\"B\u00e9r\u00e9nice : descente de toboggan \u00e0 la piscine du centre\" data-rel=\"lightbox-gallery-1\"><img loading=\"lazy\" decoding=\"async\" src=\"https:\/\/www.acdpa.net\/2012WP\/wp-content\/uploads\/2016\/05\/q4g-st-pierre-d-oleron-50-225x300.jpg\" width=\"225\" height=\"300\" alt=\"B\u00e9r\u00e9nice : descente de toboggan \u00e0 la piscine du centre\" \/><span class=\"rl-gallery-caption\"><span class=\"rl-gallery-item-caption\">B\u00e9r\u00e9nice : descente de toboggan \u00e0 la piscine du centre<\/span><\/span><\/a> <\/div> <\/div> <div class=\"rl-gallery-item\" > <div class=\"rl-gallery-item-content\"> <a href=\"https:\/\/www.acdpa.net\/2012WP\/wp-content\/uploads\/2016\/05\/q4g-st-pierre-d-oleron-51.jpg\" title=\"\" data-rl_title=\"\" class=\"rl-gallery-link\" data-rl_caption=\"Yves et B\u00e9r\u00e9nice\" data-rel=\"lightbox-gallery-1\"><img loading=\"lazy\" decoding=\"async\" src=\"https:\/\/www.acdpa.net\/2012WP\/wp-content\/uploads\/2016\/05\/q4g-st-pierre-d-oleron-51-300x225.jpg\" width=\"300\" height=\"225\" alt=\"Yves et B\u00e9r\u00e9nice\" \/><span class=\"rl-gallery-caption\"><span class=\"rl-gallery-item-caption\">Yves et B\u00e9r\u00e9nice<\/span><\/span><\/a> <\/div> <\/div> <div class=\"rl-gallery-item\" > <div class=\"rl-gallery-item-content\"> <a href=\"https:\/\/www.acdpa.net\/2012WP\/wp-content\/uploads\/2016\/05\/q4g-st-pierre-d-oleron-52.jpg\" title=\"\" data-rl_title=\"\" class=\"rl-gallery-link\" data-rl_caption=\"dans la piscine : B\u00e9r\u00e9nice, Yves, Alexandre\" data-rel=\"lightbox-gallery-1\"><img loading=\"lazy\" decoding=\"async\" src=\"https:\/\/www.acdpa.net\/2012WP\/wp-content\/uploads\/2016\/05\/q4g-st-pierre-d-oleron-52-300x200.jpg\" width=\"300\" height=\"200\" alt=\"dans la piscine : B\u00e9r\u00e9nice, Yves, Alexandre\" \/><span class=\"rl-gallery-caption\"><span class=\"rl-gallery-item-caption\">dans la piscine : B\u00e9r\u00e9nice, Yves, Alexandre<\/span><\/span><\/a> <\/div> <\/div> <div class=\"rl-gallery-item\" > <div class=\"rl-gallery-item-content\"> <a href=\"https:\/\/www.acdpa.net\/2012WP\/wp-content\/uploads\/2016\/05\/q4g-st-pierre-d-oleron-53.jpg\" title=\"\" data-rl_title=\"\" class=\"rl-gallery-link\" data-rl_caption=\"sur sc\u00e8ne : J\u00e9r\u00f4me le directeur du village \u00e0 la guitare, Yves, et Abinaniou percussions\" data-rel=\"lightbox-gallery-1\"><img loading=\"lazy\" decoding=\"async\" src=\"https:\/\/www.acdpa.net\/2012WP\/wp-content\/uploads\/2016\/05\/q4g-st-pierre-d-oleron-53-300x225.jpg\" width=\"300\" height=\"225\" alt=\"sur sc\u00e8ne : J\u00e9r\u00f4me le directeur du village \u00e0 la guitare, Yves, et Abinaniou percussions\" \/><span class=\"rl-gallery-caption\"><span class=\"rl-gallery-item-caption\">sur sc\u00e8ne : J\u00e9r\u00f4me le directeur du village \u00e0 la guitare, Yves, et Abinaniou percussions<\/span><\/span><\/a> <\/div> <\/div> <div class=\"rl-gallery-item\" > <div class=\"rl-gallery-item-content\"> <a href=\"https:\/\/www.acdpa.net\/2012WP\/wp-content\/uploads\/2016\/05\/q4g-st-pierre-d-oleron-54.jpg\" title=\"\" data-rl_title=\"\" class=\"rl-gallery-link\" data-rl_caption=\"Abinaniou : solo de percussions.\" data-rel=\"lightbox-gallery-1\"><img loading=\"lazy\" decoding=\"async\" src=\"https:\/\/www.acdpa.net\/2012WP\/wp-content\/uploads\/2016\/05\/q4g-st-pierre-d-oleron-54-225x300.jpg\" width=\"225\" height=\"300\" alt=\"Abinaniou : solo de percussions.\" \/><span class=\"rl-gallery-caption\"><span class=\"rl-gallery-item-caption\">Abinaniou : solo de percussions.<\/span><\/span><\/a> <\/div> <\/div> <div class=\"rl-gallery-item\" > <div class=\"rl-gallery-item-content\"> <a href=\"https:\/\/www.acdpa.net\/2012WP\/wp-content\/uploads\/2016\/05\/q4g-st-pierre-d-oleron-55.jpg\" title=\"\" data-rl_title=\"\" class=\"rl-gallery-link\" data-rl_caption=\"Alexandre et Abi\" data-rel=\"lightbox-gallery-1\"><img loading=\"lazy\" decoding=\"async\" src=\"https:\/\/www.acdpa.net\/2012WP\/wp-content\/uploads\/2016\/05\/q4g-st-pierre-d-oleron-55-300x300.jpg\" width=\"300\" height=\"300\" alt=\"Alexandre et Abi\" \/><span class=\"rl-gallery-caption\"><span class=\"rl-gallery-item-caption\">Alexandre et Abi<\/span><\/span><\/a> <\/div> <\/div> <div class=\"rl-gallery-item\" > <div class=\"rl-gallery-item-content\"> <a href=\"https:\/\/www.acdpa.net\/2012WP\/wp-content\/uploads\/2016\/05\/q4g-st-pierre-d-oleron-56.jpg\" title=\"\" data-rl_title=\"\" class=\"rl-gallery-link\" data-rl_caption=\"Alexandre, Yves et Gr\u00e2ce\" data-rel=\"lightbox-gallery-1\"><img loading=\"lazy\" decoding=\"async\" src=\"https:\/\/www.acdpa.net\/2012WP\/wp-content\/uploads\/2016\/05\/q4g-st-pierre-d-oleron-56-300x225.jpg\" width=\"300\" height=\"225\" alt=\"Alexandre, Yves et Gr\u00e2ce\" \/><span class=\"rl-gallery-caption\"><span class=\"rl-gallery-item-caption\">Alexandre, Yves et Gr\u00e2ce<\/span><\/span><\/a> <\/div> <\/div> <div class=\"rl-gallery-item\" > <div class=\"rl-gallery-item-content\"> <a href=\"https:\/\/www.acdpa.net\/2012WP\/wp-content\/uploads\/2016\/05\/q4g-st-pierre-d-oleron-57.jpg\" title=\"\" data-rl_title=\"\" class=\"rl-gallery-link\" data-rl_caption=\"Alexandre\" data-rel=\"lightbox-gallery-1\"><img loading=\"lazy\" decoding=\"async\" src=\"https:\/\/www.acdpa.net\/2012WP\/wp-content\/uploads\/2016\/05\/q4g-st-pierre-d-oleron-57-225x300.jpg\" width=\"225\" height=\"300\" alt=\"Alexandre\" \/><span class=\"rl-gallery-caption\"><span class=\"rl-gallery-item-caption\">Alexandre<\/span><\/span><\/a> <\/div> <\/div> <div class=\"rl-gallery-item\" > <div class=\"rl-gallery-item-content\"> <a href=\"https:\/\/www.acdpa.net\/2012WP\/wp-content\/uploads\/2016\/05\/q4g-st-pierre-d-oleron-58.jpg\" title=\"\" data-rl_title=\"\" class=\"rl-gallery-link\" data-rl_caption=\"Abimaniou et le petit Alexandre font un tres \u00e9mouvant duo sur &quot;les Pierrots de No\u00ebl&quot;\" data-rel=\"lightbox-gallery-1\"><img loading=\"lazy\" decoding=\"async\" src=\"https:\/\/www.acdpa.net\/2012WP\/wp-content\/uploads\/2016\/05\/q4g-st-pierre-d-oleron-58-300x225.jpg\" width=\"300\" height=\"225\" alt=\"Abimaniou et le petit Alexandre font un tres \u00e9mouvant duo sur &quot;les Pierrots de No\u00ebl&quot;\" \/><span class=\"rl-gallery-caption\"><span class=\"rl-gallery-item-caption\">Abimaniou et le petit Alexandre font un tres \u00e9mouvant duo sur &quot;les Pierrots de No\u00ebl&quot;<\/span><\/span><\/a> <\/div> <\/div> <div class=\"rl-gallery-item\" > <div class=\"rl-gallery-item-content\"> <a href=\"https:\/\/www.acdpa.net\/2012WP\/wp-content\/uploads\/2016\/05\/q4g-st-pierre-d-oleron-59.jpg\" title=\"\" data-rl_title=\"\" class=\"rl-gallery-link\" data-rl_caption=\"la troupe enti\u00e8re lors du spectacle du 29 Avril\" data-rel=\"lightbox-gallery-1\"><img loading=\"lazy\" decoding=\"async\" src=\"https:\/\/www.acdpa.net\/2012WP\/wp-content\/uploads\/2016\/05\/q4g-st-pierre-d-oleron-59-300x225.jpg\" width=\"300\" height=\"225\" alt=\"la troupe enti\u00e8re lors du spectacle du 29 Avril\" \/><span class=\"rl-gallery-caption\"><span class=\"rl-gallery-item-caption\">la troupe enti\u00e8re lors du spectacle du 29 Avril<\/span><\/span><\/a> <\/div> <\/div> <div class=\"rl-gallery-item\" > <div class=\"rl-gallery-item-content\"> <a href=\"https:\/\/www.acdpa.net\/2012WP\/wp-content\/uploads\/2016\/05\/q4g-st-pierre-d-oleron-60.jpg\" title=\"\" data-rl_title=\"\" class=\"rl-gallery-link\" data-rl_caption=\"Duo \u00e9tonnant et d\u00e9tonant entre Alexandre et Yves qui interpr\u00e8tent les pal\u00e9tuviers. Yves a pris l&#039;apparence et la voix de Pauline Carton. Un must!\" data-rel=\"lightbox-gallery-1\"><img loading=\"lazy\" decoding=\"async\" src=\"https:\/\/www.acdpa.net\/2012WP\/wp-content\/uploads\/2016\/05\/q4g-st-pierre-d-oleron-60-300x300.jpg\" width=\"300\" height=\"300\" alt=\"Duo \u00e9tonnant et d\u00e9tonant entre Alexandre et Yves qui interpr\u00e8tent les pal\u00e9tuviers. Yves a pris l&#039;apparence et la voix de Pauline Carton. Un must!\" \/><span class=\"rl-gallery-caption\"><span class=\"rl-gallery-item-caption\">Duo \u00e9tonnant et d\u00e9tonant entre Alexandre et Yves qui interpr\u00e8tent les pal\u00e9tuviers. Yves a pris l&#039;apparence et la voix de Pauline Carton. Un must!<\/span><\/span><\/a> <\/div> <\/div> <\/div> <\/div>\n<p>Le temps et le travail que demande ce montage sur notre Site est \u00e9norme.<br \/>\nJ&rsquo;aimerai que les Teenager, leur famille et tous ceux qui nous accompagnent en prennent conscience, car, depuis 11 ann\u00e9es, Dominique pr\u00e9l\u00e8ve de nombreuses heures sur ses \u00ab\u00a0repos\u00a0\u00bb pour entretenir ce Site.<br \/>\nDominique est m\u00e9decin ORL, et c&rsquo;est vraiment une chance pour nous de l&rsquo;avoir comme b\u00e9n\u00e9vole, au service de notre aventure, de notre association et des gamins de Sarcelles.<br \/>\nMerci \u00e0 toi, Dominique, pour ton talent et ta fid\u00e9lit\u00e9.<\/p>\n<p style=\"text-align: right;\"><em>Jean-Luc SALMON<\/em><\/p>\n","protected":false},"excerpt":{"rendered":"<p>Ce stage \u00e0 Saint-Pierre d&rsquo;Ol\u00e9ron fut le plus beau stage de P\u00e2ques depuis la Tunisie. Tout d&rsquo;abord, merci \u00e0 notre h\u00f4te du CAE CNRS, J\u00e9rome Drouhin. Merci \u00e0 tout le personnel pour leur sourire et leur convivialit\u00e9. Merci \u00e0 tous &hellip; <a href=\"https:\/\/www.acdpa.net\/2012WP\/?p=2920\">Continuer la lecture <span class=\"meta-nav\">&rarr;<\/span><\/a><\/p>\n","protected":false},"author":1,"featured_media":2926,"comment_status":"open","ping_status":"open","sticky":false,"template":"","format":"standard","meta":{"footnotes":""},"categories":[47,4],"tags":[],"class_list":["post-2920","post","type-post","status-publish","format-standard","has-post-thumbnail","hentry","category-galerie","category-teenager"],"_links":{"self":[{"href":"https:\/\/www.acdpa.net\/2012WP\/index.php?rest_route=\/wp\/v2\/posts\/2920","targetHints":{"allow":["GET"]}}],"collection":[{"href":"https:\/\/www.acdpa.net\/2012WP\/index.php?rest_route=\/wp\/v2\/posts"}],"about":[{"href":"https:\/\/www.acdpa.net\/2012WP\/index.php?rest_route=\/wp\/v2\/types\/post"}],"author":[{"embeddable":true,"href":"https:\/\/www.acdpa.net\/2012WP\/index.php?rest_route=\/wp\/v2\/users\/1"}],"replies":[{"embeddable":true,"href":"https:\/\/www.acdpa.net\/2012WP\/index.php?rest_route=%2Fwp%2Fv2%2Fcomments&post=2920"}],"version-history":[{"count":2,"href":"https:\/\/www.acdpa.net\/2012WP\/index.php?rest_route=\/wp\/v2\/posts\/2920\/revisions"}],"predecessor-version":[{"id":2982,"href":"https:\/\/www.acdpa.net\/2012WP\/index.php?rest_route=\/wp\/v2\/posts\/2920\/revisions\/2982"}],"wp:featuredmedia":[{"embeddable":true,"href":"https:\/\/www.acdpa.net\/2012WP\/index.php?rest_route=\/wp\/v2\/media\/2926"}],"wp:attachment":[{"href":"https:\/\/www.acdpa.net\/2012WP\/index.php?rest_route=%2Fwp%2Fv2%2Fmedia&parent=2920"}],"wp:term":[{"taxonomy":"category","embeddable":true,"href":"https:\/\/www.acdpa.net\/2012WP\/index.php?rest_route=%2Fwp%2Fv2%2Fcategories&post=2920"},{"taxonomy":"post_tag","embeddable":true,"href":"https:\/\/www.acdpa.net\/2012WP\/index.php?rest_route=%2Fwp%2Fv2%2Ftags&post=2920"}],"curies":[{"name":"wp","href":"https:\/\/api.w.org\/{rel}","templated":true}]}}