{"id":1124,"date":"2011-08-14T08:00:26","date_gmt":"2011-08-14T06:00:26","guid":{"rendered":"http:\/\/www.acdpa.net\/2012WP\/?p=1124"},"modified":"2012-12-29T11:15:43","modified_gmt":"2012-12-29T09:15:43","slug":"calendrier-des-manifestations-teenager-concerts-stages","status":"publish","type":"post","link":"https:\/\/www.acdpa.net\/2012WP\/?p=1124","title":{"rendered":"Calendrier des manifestations \u00ab\u00a0Teenager\u00a0\u00bb : concerts, stages,&#8230;"},"content":{"rendered":"<ul class=\"lcp_catlist\" id=\"lcp_instance_0\"><li><a href=\"https:\/\/www.acdpa.net\/2012WP\/?p=7893\">Stade d&rsquo;Avril 2026<\/a><div class=\"lcp_content\">\n<p class=\"has-medium-font-size\">Nous vous proposons un <strong>Stage du lundi 20 au samedi 25 avril<\/strong> 2026, de 14H30 \u00e0 17H00.<\/p>\n\n\n\n<p style=\"font-size:18px\">Le <strong>programme<\/strong> &#8211; sympathique &#8211; comprend :<\/p>\n\n\n\n<ul class=\"wp-block-list\">\n<li style=\"font-size:16px\">3 apr\u00e8s-midi \u00e0 la <strong>M.J.C. de Sarcelles<\/strong>, afin de progresser en<strong> musique<\/strong> et <strong>chant<\/strong>,<\/li>\n\n\n\n<li style=\"font-size:16px\">et 3 apr\u00e8s-midi sortie\/excursion : Maison et jardins de <strong>Claude Monet \u00e0 Giverny<\/strong>, initiation au <strong>cerf-volant pilotable<\/strong>&#8230; selon m\u00e9t\u00e9o.<\/li>\n<\/ul>\n\n\n\n<p class=\"has-text-align-center has-medium-font-size\"><strong>Inscrivez-vous aupr\u00e8s de Jean-Luc&#8230;<\/strong><\/p>\n\n\n<div class=\"wp-block-image\">\n<figure class=\"aligncenter size-full\"><a href=\"https:\/\/www.acdpa.net\/2012WP\/wp-content\/uploads\/2026\/04\/2026-04-20-Stage-Giverny.webp\" data-rel=\"lightbox-image-bGlnaHRib3gtaW1hZ2UtMA==\" data-rl_title=\"\" data-rl_caption=\"Stage d&#039;Avril 2026 (Affiche)\" data-rl_title=\"\" data-rl_caption=\"Stage d&#039;Avril 2026 (Affiche)\" title=\"\"><img loading=\"lazy\" decoding=\"async\" width=\"558\" height=\"798\" src=\"https:\/\/www.acdpa.net\/2012WP\/wp-content\/uploads\/2026\/04\/2026-04-20-Stage-Giverny.webp\" alt=\"\" class=\"wp-image-7894\" srcset=\"https:\/\/www.acdpa.net\/2012WP\/wp-content\/uploads\/2026\/04\/2026-04-20-Stage-Giverny.webp 558w, https:\/\/www.acdpa.net\/2012WP\/wp-content\/uploads\/2026\/04\/2026-04-20-Stage-Giverny-210x300.webp 210w\" sizes=\"auto, (max-width: 558px) 100vw, 558px\" \/><\/a><\/figure>\n<\/div>\n\n\n<p class=\"has-text-align-right has-medium-font-size\"><strong>Jean-Luc SALMON<\/strong>\u00a0: 06-82-95-10-16<\/p>\n<a href=\"https:\/\/www.acdpa.net\/2012WP\/?p=7893\" title=\"Continuer la lecture &rarr;\">Continuer la lecture &rarr;<\/a><\/div><\/li><li><a href=\"https:\/\/www.acdpa.net\/2012WP\/?p=7855\">Stage de F\u00e9vrier 2026<\/a><div class=\"lcp_content\">\n<p class=\"has-drop-cap has-medium-font-size\"><strong>Jean-Luc SALMON<\/strong> vous propose un <strong>stage de 5 jours<\/strong> pour <strong>chanter \u00ab\u00a0Le lion est mort ce soir\u00a0\u00bb\u00a0en s&rsquo;accompagnant au piano<\/strong> !!!\u00a0<\/p>\n\n\n\n<p>Non, <strong>ce n&rsquo;est pas une blague<\/strong>&#8230;<br>Un pr\u00e9c\u00e9dent stage avait d\u00e9j\u00e0 donn\u00e9 de tr\u00e8s bons r\u00e9sultats<\/p>\n\n\n\n<p class=\"has-text-align-center has-medium-font-size\" style=\"font-style:normal;font-weight:800\">Venez&#8230;<\/p>\n\n\n<div class=\"wp-block-image\">\n<figure class=\"aligncenter size-full\"><a href=\"https:\/\/www.acdpa.net\/2012WP\/wp-content\/uploads\/2026\/02\/2026-2N-mjc_stage.jpg\" data-rel=\"lightbox-image-bGlnaHRib3gtaW1hZ2UtMA==\" data-rl_title=\"\" data-rl_caption=\"Affiche : stage f\u00e9vrier 2026\" data-rl_title=\"\" data-rl_caption=\"Affiche : stage f\u00e9vrier 2026\" title=\"\"><img loading=\"lazy\" decoding=\"async\" width=\"559\" height=\"798\" src=\"https:\/\/www.acdpa.net\/2012WP\/wp-content\/uploads\/2026\/02\/2026-2N-mjc_stage.jpg\" alt=\"\" class=\"wp-image-7856\" srcset=\"https:\/\/www.acdpa.net\/2012WP\/wp-content\/uploads\/2026\/02\/2026-2N-mjc_stage.jpg 559w, https:\/\/www.acdpa.net\/2012WP\/wp-content\/uploads\/2026\/02\/2026-2N-mjc_stage-210x300.jpg 210w\" sizes=\"auto, (max-width: 559px) 100vw, 559px\" \/><\/a><\/figure>\n<\/div>\n\n\n<p class=\"has-text-align-right has-medium-font-size\"><strong>Jean-Luc SALMON<\/strong> : 06-82-95-10-16<\/p>\n<a href=\"https:\/\/www.acdpa.net\/2012WP\/?p=7855\" title=\"Continuer la lecture &rarr;\">Continuer la lecture &rarr;<\/a><\/div><\/li><li><a href=\"https:\/\/www.acdpa.net\/2012WP\/?p=7748\">Stage de la Toussaint 2025<\/a><div class=\"lcp_content\">\n<p class=\"has-medium-font-size\">Nous vous proposons un <strong>stage \u00ab\u00a0TEENAGER\u00a0\u00bb du samedi 25 au vendredi 31 octobre,<\/strong> de 14H30 \u00e0 18H00, \u00e0 la <strong>M<\/strong>aison des <strong>J<\/strong>eunes et de la <strong>C<\/strong>ulture de <strong>Sarcelles<\/strong> (10 avenue Paul Val\u00e9ry).<\/p>\n\n\n\n<p class=\"has-medium-font-size\"><strong><span style=\"text-decoration: underline;\">Programme :<\/span><\/strong><\/p>\n\n\n\n<p><strong><span style=\"text-decoration: underline;\">Samedi 25 octobre<\/span><\/strong> (14H30 \u00e0 18H00)\u00a0: \u00c9valuation des nouveaux et anciens, dans le domaine du chant, de la danse et de la pratique d\u2019instruments de musique.<\/p>\n\n\n\n<p><strong><span style=\"text-decoration: underline;\">Lundi 27 octobre<\/span><\/strong> (14H30 \u00e0 18H00)\u00a0: Pr\u00e9sentation (projection-vid\u00e9o) des peintres que nous allons d\u00e9couvrir le lendemain au Mus\u00e9e d\u2019Orsay.<\/p>\n\n\n\n<p><strong><span style=\"text-decoration: underline;\">Mardi 28 octobre <\/span><\/strong>(14H30 \u00e0 18H00)\u00a0: Visite du mus\u00e9e d&rsquo;Orsay et de l\u2019Orangerie.<\/p>\n\n\n\n<p><strong><span style=\"text-decoration: underline;\">Mercredi 29 octobre <\/span><\/strong>(14H30 \u00e0 18H00)\u00a0: Retour des visites, et visionnage des photos prises par les jeunes.<\/p>\n\n\n\n<p>\u00a0<strong><span style=\"text-decoration: underline;\">Jeudi 30 octobre <\/span><\/strong>(14H30 \u00e0 18H00)\u00a0: Reprise des activit\u00e9s musicales, en tenant compte des choix des jeunes sur les titres des artistes propos\u00e9s \u00e0 l&rsquo;\u00e9coute.<\/p>\n\n\n\n<p><strong><span style=\"text-decoration: underline;\">Vendredi 31 octobre <\/span><\/strong>(14H30 \u00e0 18H00)\u00a0: R\u00e9p\u00e9tition, puis d\u00e9monstration publique des Teenagers \u00e0 17h00 (toujours \u00e0 la Maison des Jeunes et de la Culture).<\/p>\n\n\n\n<p><\/p>\n<a href=\"https:\/\/www.acdpa.net\/2012WP\/?p=7748\" title=\"Continuer la lecture &rarr;\">Continuer la lecture &rarr;<\/a><\/div><\/li><li><a href=\"https:\/\/www.acdpa.net\/2012WP\/?p=7734\">Rentr\u00e9e \u00ab\u00a0TEENAGER\u00a0\u00bb 2025-2026<\/a><div class=\"lcp_content\">\n<p class=\"has-medium-font-size\"><strong>La rentr\u00e9e<\/strong> 2025-2026 d\u00e9butera le <strong>samedi 6 septembre 2025<\/strong>, \u00e0 14H30, \u00e0 la <strong>Maison des Jeunes et de la Culture<\/strong>, 10 avenue Paul Val\u00e9ry \u00e0 <strong>Sarcelles<\/strong>.<\/p>\n\n\n<div class=\"wp-block-image\">\n<figure class=\"aligncenter size-full\"><a href=\"https:\/\/www.acdpa.net\/2012WP\/wp-content\/uploads\/2023\/12\/xb7-porte-de-la-mjc.jpg\" data-rel=\"lightbox-image-bGlnaHRib3gtaW1hZ2UtMA==\" data-rl_title=\"\" data-rl_caption=\"Entr\u00e9e de la M.J.C., all\u00e9e Auguste Rodin\" data-rl_title=\"\" data-rl_caption=\"Entr\u00e9e de la M.J.C., all\u00e9e Auguste Rodin\" title=\"\"><img loading=\"lazy\" decoding=\"async\" width=\"483\" height=\"317\" src=\"https:\/\/www.acdpa.net\/2012WP\/wp-content\/uploads\/2023\/12\/xb7-porte-de-la-mjc.jpg\" alt=\"Entr\u00e9e de la M.J.C., all\u00e9e Auguste Rodin\" class=\"wp-image-6630\" srcset=\"https:\/\/www.acdpa.net\/2012WP\/wp-content\/uploads\/2023\/12\/xb7-porte-de-la-mjc.jpg 483w, https:\/\/www.acdpa.net\/2012WP\/wp-content\/uploads\/2023\/12\/xb7-porte-de-la-mjc-300x197.jpg 300w, https:\/\/www.acdpa.net\/2012WP\/wp-content\/uploads\/2023\/12\/xb7-porte-de-la-mjc-457x300.jpg 457w\" sizes=\"auto, (max-width: 483px) 100vw, 483px\" \/><\/a><figcaption class=\"wp-element-caption\">N.B.: l&rsquo;<strong>entr\u00e9e de la M.J.C.<\/strong> se fait par l&rsquo;<strong>all\u00e9e Auguste Rodin<\/strong><\/figcaption><\/figure>\n<\/div>\n\n<div class=\"wp-block-image\">\n<figure class=\"aligncenter size-large\"><a href=\"https:\/\/www.acdpa.net\/2012WP\/wp-content\/uploads\/2025\/08\/z9-affiche-pour-ateliers-2025-26-scaled.jpg\" data-rel=\"lightbox-image-bGlnaHRib3gtaW1hZ2UtMQ==\" data-rl_title=\"\" data-rl_caption=\"Affiche pour les ateliers, saison 2025-2026\" data-rl_title=\"\" data-rl_caption=\"Affiche pour les ateliers, saison 2025-2026\" title=\"\"><img loading=\"lazy\" decoding=\"async\" width=\"714\" height=\"1024\" src=\"https:\/\/www.acdpa.net\/2012WP\/wp-content\/uploads\/2025\/08\/z9-affiche-pour-ateliers-2025-26-714x1024.jpg\" alt=\"Affiche pour les ateliers, saison 2025-2026\" class=\"wp-image-7735\" srcset=\"https:\/\/www.acdpa.net\/2012WP\/wp-content\/uploads\/2025\/08\/z9-affiche-pour-ateliers-2025-26-714x1024.jpg 714w, https:\/\/www.acdpa.net\/2012WP\/wp-content\/uploads\/2025\/08\/z9-affiche-pour-ateliers-2025-26-209x300.jpg 209w, https:\/\/www.acdpa.net\/2012WP\/wp-content\/uploads\/2025\/08\/z9-affiche-pour-ateliers-2025-26-768x1101.jpg 768w, https:\/\/www.acdpa.net\/2012WP\/wp-content\/uploads\/2025\/08\/z9-affiche-pour-ateliers-2025-26-1071x1536.jpg 1071w, https:\/\/www.acdpa.net\/2012WP\/wp-content\/uploads\/2025\/08\/z9-affiche-pour-ateliers-2025-26-1428x2048.jpg 1428w, https:\/\/www.acdpa.net\/2012WP\/wp-content\/uploads\/2025\/08\/z9-affiche-pour-ateliers-2025-26-scaled.jpg 1785w\" sizes=\"auto, (max-width: 714px) 100vw, 714px\" \/><\/a><\/figure>\n<\/div>\n\n\n<p>Bien s\u00fbr, nous serions heureux de <strong>rencontrer les parents<\/strong> \u00e0 l&rsquo;occasion de cette premi\u00e8re s\u00e9ance de l&rsquo;ann\u00e9e<\/p>\n\n\n\n<p>La premi\u00e8re prestation de cette ann\u00e9e 2025-2026 se fera le <strong>dimanche 14 septembre<\/strong>, dans le cadre du <strong>Grand Forum Associatif &amp; Sportif<\/strong> 2025&#8230;<br>D\u00e8s que nous aurons le programme d\u00e9finitif, nous vous pr\u00e9ciserons l&rsquo;horaire de la prestation des Teenagers (habituellement, vers 14H00&#8230;??).<br>Nous esp\u00e9rons que vous viendrez nombreux pour nous applaudir.<\/p>\n\n\n\n<p><\/p>\n<a href=\"https:\/\/www.acdpa.net\/2012WP\/?p=7734\" title=\"Continuer la lecture &rarr;\">Continuer la lecture &rarr;<\/a><\/div><\/li><li><a href=\"https:\/\/www.acdpa.net\/2012WP\/?p=7606\">Stage d\u2019\u00c9t\u00e9 2025<\/a><div class=\"lcp_content\">\n<p class=\"has-drop-cap has-medium-font-size\">Nous sommes heureux de proposer un stage d&rsquo;\u00e9t\u00e9, avec les Jeunes de la Maison de quartier des Vignes Blanches du <strong><span style=\"text-decoration: underline;\">7\u00a0au\u00a012 Juillet 2025<\/span><\/strong>.<\/p>\n\n\n\n<p>Un Spectacle concluera ce stage, \u00e0 14H00\u00a0 \u00e0 l &lsquo;<a href=\"https:\/\/www.ville-et-banlieue.org\/sarcelles-pavillon-kennedy-37587.html\" data-type=\"link\" data-id=\"https:\/\/www.ville-et-banlieue.org\/sarcelles-pavillon-kennedy-37587.html\" target=\"_blank\" rel=\"noreferrer noopener\"><strong>Espace Kennedy<\/strong><\/a>\u00a0&#8211; r\u00e9habilit\u00e9 &#8211; \u00e0 Sarcelles<\/p>\n\n\n<div class=\"wp-block-image\">\n<figure class=\"aligncenter size-full\"><a href=\"https:\/\/www.acdpa.net\/2012WP\/wp-content\/uploads\/2025\/05\/Pavillon-Kennedy.webp\" data-rel=\"lightbox-image-bGlnaHRib3gtaW1hZ2UtMA==\" data-rl_title=\"\" data-rl_caption=\"Pavillon Kennedy, \u00e0 Sarcelles\" data-rl_title=\"\" data-rl_caption=\"Pavillon Kennedy, \u00e0 Sarcelles\" title=\"\"><img loading=\"lazy\" decoding=\"async\" width=\"500\" height=\"334\" src=\"https:\/\/www.acdpa.net\/2012WP\/wp-content\/uploads\/2025\/05\/Pavillon-Kennedy.webp\" alt=\"\" class=\"wp-image-7607\" srcset=\"https:\/\/www.acdpa.net\/2012WP\/wp-content\/uploads\/2025\/05\/Pavillon-Kennedy.webp 500w, https:\/\/www.acdpa.net\/2012WP\/wp-content\/uploads\/2025\/05\/Pavillon-Kennedy-300x200.webp 300w, https:\/\/www.acdpa.net\/2012WP\/wp-content\/uploads\/2025\/05\/Pavillon-Kennedy-449x300.webp 449w\" sizes=\"auto, (max-width: 500px) 100vw, 500px\" \/><\/a><\/figure>\n<\/div>\n\n\n<p><\/p>\n<a href=\"https:\/\/www.acdpa.net\/2012WP\/?p=7606\" title=\"Continuer la lecture &rarr;\">Continuer la lecture &rarr;<\/a><\/div><\/li><li><a href=\"https:\/\/www.acdpa.net\/2012WP\/?p=7600\">\u00ab\u00a0Teenager\u00a0\u00bb participe au Concert pour les 70 ans du Grand Sarcelles<\/a><div class=\"lcp_content\">\n<p class=\"has-drop-cap has-medium-font-size\"><strong>Dimanche 25 mai 2025<\/strong>, \u00ab\u00a0Teenager\u00a0\u00bb fera son show dans le cadre du festival des <strong>70 ans du Grand Sarcelles<\/strong>.<\/p>\n\n\n\n<p>\u00ab\u00a0Teenager\u00a0\u00bb participera donc \u00e0 ce concert organis\u00e9 en partenariat avec SOS Racisme, r\u00e9unissant artistes locaux et nationaux pour c\u00e9l\u00e9brer l\u2019\u00e9galit\u00e9 et la diversit\u00e9 culturelle.<\/p>\n\n\n<div class=\"wp-block-image\">\n<figure class=\"aligncenter size-full is-resized\"><a href=\"https:\/\/www.acdpa.net\/2012WP\/wp-content\/uploads\/2025\/05\/70ans-sarcelles_356x502.webp\" data-rel=\"lightbox-image-bGlnaHRib3gtaW1hZ2UtMA==\" data-rl_title=\"\" data-rl_caption=\"70 ans du Grand Sarcelles\" data-rl_title=\"\" data-rl_caption=\"70 ans du Grand Sarcelles\" title=\"\"><img loading=\"lazy\" decoding=\"async\" width=\"356\" height=\"502\" src=\"https:\/\/www.acdpa.net\/2012WP\/wp-content\/uploads\/2025\/05\/70ans-sarcelles_356x502.webp\" alt=\"\" class=\"wp-image-7601\" style=\"width:370px;height:auto\" srcset=\"https:\/\/www.acdpa.net\/2012WP\/wp-content\/uploads\/2025\/05\/70ans-sarcelles_356x502.webp 356w, https:\/\/www.acdpa.net\/2012WP\/wp-content\/uploads\/2025\/05\/70ans-sarcelles_356x502-213x300.webp 213w\" sizes=\"auto, (max-width: 356px) 100vw, 356px\" \/><\/a><\/figure>\n<\/div>\n\n\n<p class=\"has-medium-font-size\"><br>\u00c0 cette occasion, vous pourrez y revoir des \u00ab\u00a0anciens\u00a0\u00bb, tels Thierry Bellet, Tuintim Tr\u00e9salus et Alice Dembel\u00e9&#8230;<br>Venez nombreux nous voir &#8211; et nous applaudir &#8211; au Grand Podium, <strong>sur la place de Navarre<\/strong>.<\/p>\n\n\n\n<p class=\"has-text-align-right\">\u00c0 suivre pour de plus amples pr\u00e9cisions&#8230;<\/p>\n\n\n\n<p><\/p>\n<a href=\"https:\/\/www.acdpa.net\/2012WP\/?p=7600\" title=\"Continuer la lecture &rarr;\">Continuer la lecture &rarr;<\/a><\/div><\/li><li><a href=\"https:\/\/www.acdpa.net\/2012WP\/?p=7466\">Stage de No\u00ebl 2024<\/a><div class=\"lcp_content\">\n<p class=\"has-drop-cap has-medium-font-size\">Nous sommes heureux de vous proposer un <strong>Stage de No\u00ebl<\/strong>, les samedi 21, lundi 23, vendredi 27 et samedi 28 d\u00e9cembre 2024, de 14 \u00e0 17H00, \u00e0 la Maison des Jeunes et de la Culture de Sarcelles, 10 avenue Paul Val\u00e9ry\u2026<\/p>\n\n\n\n<p class=\"has-medium-font-size\"><\/p>\n\n\n\n<div class=\"wp-block-media-text has-media-on-the-right is-stacked-on-mobile\"><div class=\"wp-block-media-text__content\">\n<p class=\"has-medium-font-size\"><strong><span style=\"text-decoration: underline;\">Au programme&nbsp;:<\/span><\/strong><\/p>\n<\/div><figure class=\"wp-block-media-text__media\"><img loading=\"lazy\" decoding=\"async\" width=\"220\" height=\"210\" src=\"https:\/\/www.acdpa.net\/2012WP\/wp-content\/uploads\/2024\/12\/2024-noel-chanteur.gif\" alt=\"\" class=\"wp-image-7469 size-full\"\/><\/figure><\/div>\n\n\n\n<ul class=\"wp-block-list\">\n<li class=\"has-medium-font-size\">D\u00e9couverte et respect des g\u00e9n\u00e9rations pass\u00e9es, ou plus anciennes, de Charles Trenet \u00e0 nos jours, en passant par Aznavour, Brel, Brassens, L\u00e9o ferr\u00e9 (le slam avant l\u2019heure ), puis Hoshi, Stromae, Orelsan, Eddy de Pretto, etc\u2026<\/li>\n\n\n\n<li class=\"has-medium-font-size\">\u00c9coute compar\u00e9e des titres les plus connus<\/li>\n\n\n\n<li class=\"has-medium-font-size\">Interpr\u00e9tation de titres choisis par les jeunes<\/li>\n<\/ul>\n\n\n\n<p class=\"has-medium-font-size\">Ce stage, gratuit, s\u2019adresse \u00e0 des jeunes de 13 \u00e0 19 ans\u2026<br>\u2026mais une <strong>INSCRIPTION PR\u00c9ALABLE est indispensable<\/strong>&nbsp;:<\/p>\n\n\n\n<ul class=\"wp-block-list\">\n<li class=\"has-medium-font-size\">au <strong>06-82-95-10-16<\/strong>,<\/li>\n\n\n\n<li class=\"has-medium-font-size\">ou directement aupr\u00e8s de l\u2019auteur-compositeur <strong>Jean-Luc SALMON<\/strong>, \u00e0 la M.J.C. lors de son atelier hebdomadaire, le samedi \u00e0 partir de 14H30.<\/li>\n<\/ul>\n\n\n\n<p><\/p>\n<a href=\"https:\/\/www.acdpa.net\/2012WP\/?p=7466\" title=\"Continuer la lecture &rarr;\">Continuer la lecture &rarr;<\/a><\/div><\/li><li><a href=\"https:\/\/www.acdpa.net\/2012WP\/?p=6900\">Grand Forum Associatif &amp; Sportif 2024, \u00e0 Sarcelles<\/a><div class=\"lcp_content\">\n<p class=\"has-medium-font-size\">Le <strong><a href=\"https:\/\/www.sarcelles.fr\/actualites\/forum-des-associations-2024-a-sarcelles\/\" target=\"_blank\" rel=\"noreferrer noopener\">Grand Forum Associatif &amp; Sportif 2024<\/a><\/strong>, se tiendra le <strong><span style=\"text-decoration: underline;\">dimanche 15 septembre<\/span><\/strong> de 10H00 \u00e0 18H00 au Stade Nelson Mandela, \u00e0 Sarcelles.<\/p>\n\n\n<div class=\"wp-block-image\">\n<figure class=\"aligncenter size-full is-resized\"><a href=\"https:\/\/www.sarcelles.fr\/actualites\/forum-des-associations-2024-a-sarcelles\/\" target=\"_blank\" rel=\"noreferrer noopener\"><img loading=\"lazy\" decoding=\"async\" width=\"476\" height=\"674\" src=\"https:\/\/www.acdpa.net\/2012WP\/wp-content\/uploads\/2024\/08\/y9f-sarcelles_affiche-gd-forum-association.jpg\" alt=\"\" class=\"wp-image-6901\" style=\"width:490px;height:auto\" srcset=\"https:\/\/www.acdpa.net\/2012WP\/wp-content\/uploads\/2024\/08\/y9f-sarcelles_affiche-gd-forum-association.jpg 476w, https:\/\/www.acdpa.net\/2012WP\/wp-content\/uploads\/2024\/08\/y9f-sarcelles_affiche-gd-forum-association-212x300.jpg 212w\" sizes=\"auto, (max-width: 476px) 100vw, 476px\" \/><\/a><\/figure>\n<\/div>\n\n\n<h2 class=\"wp-block-heading\">R\u00e9sum\u00e9 du Programme de la journ\u00e9e (<a href=\"https:\/\/www.sarcelles.fr\/actualites\/forum-des-associations-2024-a-sarcelles\/\" target=\"_blank\" rel=\"noreferrer noopener\">cf. programme d\u00e9taill\u00e9<\/a>)<\/h2>\n\n\n\n<p>\u00c0 partir de <strong>10h00, l<\/strong>es associations vous accueilleront sur leurs stands pour vous faire d\u00e9couvrir et vous initier aux nombreuses activit\u00e9s propos\u00e9es dans notre ville<\/p>\n\n\n\n<p><strong>11h30 \u00e0 12h00 \u2013 Discours <\/strong>de M. Patrick Haddad, Maire de Sarcelles et Conseiller D\u00e9partemental du Val-d\u2019Oise, et les \u00e9lus.<\/p>\n\n\n\n<p class=\"has-medium-font-size\"><strong>14h00 \u00e0 17h30 \u2013 Animations et Spectacles<\/strong>&#8230;<\/p>\n\n\n\n<p class=\"has-text-align-center has-medium-font-size\">C&rsquo;est <strong>\u00e0 <span style=\"text-decoration: underline;\">14H30<\/span><\/strong> qu&rsquo;est pr\u00e9vue la d\u00e9monstration des \u00a0\u00bb\u00a0<strong><span style=\"text-decoration: underline;\">Teenagers<\/span><\/strong>\u00a0\u00ab\u00a0<br>++++ <strong>Venez nombreux<\/strong> nous applaudir ++++<\/p>\n\n\n\n<p><strong>18h00 \u2013 Cl\u00f4ture du Forum<\/strong><\/p>\n\n\n\n<p><\/p>\n<a href=\"https:\/\/www.acdpa.net\/2012WP\/?p=6900\" title=\"Continuer la lecture &rarr;\">Continuer la lecture &rarr;<\/a><\/div><\/li><li><a href=\"https:\/\/www.acdpa.net\/2012WP\/?p=6910\">Rentr\u00e9e \u00ab\u00a0TEENAGER\u00a0\u00bb 2024-2025<\/a><div class=\"lcp_content\">\n<p class=\"has-medium-font-size\">La rentr\u00e9e 2024-2025 d\u00e9butera le <strong>samedi 7 septembre 2024<\/strong>, \u00e0 <strong>14H30<\/strong>, \u00e0 la <strong>Maison des Jeunes et de la Culture<\/strong>, 10 avenue Paul Val\u00e9ry \u00e0 Sarcelles.<\/p>\n\n\n\n<p><iframe src=\"https:\/\/www.google.com\/maps\/embed?pb=!1m18!1m12!1m3!1d1427.8467118131593!2d2.3849512833234345!3d48.97857061926713!2m3!1f0!2f0!3f0!3m2!1i1024!2i768!4f13.1!3m3!1m2!1s0x47e66a2d0def4ff1%3A0x95991cd34006698f!2sMaison%20des%20Jeunes%20et%20de%20la%20Culture!5e0!3m2!1sfr!2sfr!4v1702825973293!5m2!1sfr!2sfr\" width=\"600\" height=\"450\" style=\"border:0;\" allowfullscreen=\"\" loading=\"lazy\" referrerpolicy=\"no-referrer-when-downgrade\"><\/iframe><\/p>\n\n\n<div class=\"wp-block-image\">\n<figure class=\"aligncenter size-full\"><a href=\"https:\/\/www.acdpa.net\/2012WP\/wp-content\/uploads\/2023\/12\/xb7-porte-de-la-mjc.jpg\" data-rel=\"lightbox-image-bGlnaHRib3gtaW1hZ2UtMA==\" data-rl_title=\"\" data-rl_caption=\"Entr\u00e9e de la M.J.C., all\u00e9e Auguste Rodin\" data-rl_title=\"\" data-rl_caption=\"Entr\u00e9e de la M.J.C., all\u00e9e Auguste Rodin\" title=\"\"><img loading=\"lazy\" decoding=\"async\" width=\"483\" height=\"317\" src=\"https:\/\/www.acdpa.net\/2012WP\/wp-content\/uploads\/2023\/12\/xb7-porte-de-la-mjc.jpg\" alt=\"Entr\u00e9e de la M.J.C., all\u00e9e Auguste Rodin\" class=\"wp-image-6630\" srcset=\"https:\/\/www.acdpa.net\/2012WP\/wp-content\/uploads\/2023\/12\/xb7-porte-de-la-mjc.jpg 483w, https:\/\/www.acdpa.net\/2012WP\/wp-content\/uploads\/2023\/12\/xb7-porte-de-la-mjc-300x197.jpg 300w, https:\/\/www.acdpa.net\/2012WP\/wp-content\/uploads\/2023\/12\/xb7-porte-de-la-mjc-457x300.jpg 457w\" sizes=\"auto, (max-width: 483px) 100vw, 483px\" \/><\/a><figcaption class=\"wp-element-caption\">N.B.: l&rsquo;<strong>entr\u00e9e de la M.J.C.<\/strong> se fait par l&rsquo;<strong>all\u00e9e Auguste Rodin<\/strong><\/figcaption><\/figure>\n<\/div>\n\n\n<p>Bien s\u00fbr, nous serions heureux de <strong>rencontrer les parents<\/strong> \u00e0 l&rsquo;occasion de cette premi\u00e8re s\u00e9ance de l&rsquo;ann\u00e9e<\/p>\n\n\n\n<p><strong>La premi\u00e8re prestation de cette ann\u00e9e 2024-2025 se fera le dimanche 15 septembre<\/strong>, au stade de Sarcelles, dans le cadre du <a href=\"https:\/\/www.sarcelles.fr\/actualites\/forum-des-associations-2024-a-sarcelles\/\" target=\"_blank\" rel=\"noreferrer noopener\">Grand Forum Associatif &amp; Sportif 2024<\/a> (cf. programme). Venez nombreux pour nous applaudir (notre programmation est annonc\u00e9e pour 14H30)<\/p>\n<a href=\"https:\/\/www.acdpa.net\/2012WP\/?p=6910\" title=\"Continuer la lecture &rarr;\">Continuer la lecture &rarr;<\/a><\/div><\/li><li><a href=\"https:\/\/www.acdpa.net\/2012WP\/?p=6879\">Stage d&rsquo;\u00c9t\u00e9 2024<\/a><div class=\"lcp_content\">\n<p class=\"has-medium-font-size\">La troupe \u00ab\u00a0Teenager\u00a0\u00bb partira&nbsp;le <strong><span style=\"text-decoration: underline;\">Samedi 27 Juillet<\/span><\/strong> pour une semaine magique \u00e0 <strong>Ch\u00e9digny<\/strong>.<\/p>\n\n\n\n<p class=\"has-medium-font-size\"> Le point&nbsp;d&rsquo;ancrage de ce stage est le <strong><a href=\"https:\/\/www.lasaulaie.fr\/fr\/\" target=\"_blank\" rel=\"noreferrer noopener\">V.V.F. La Saulaie<\/a><\/strong> :<\/p>\n\n\n<div class=\"wp-block-image is-style-default\">\n<figure class=\"aligncenter size-full\"><a href=\"https:\/\/www.lasaulaie.fr\/fr\/\" target=\"_blank\" rel=\"noreferrer noopener\"><img loading=\"lazy\" decoding=\"async\" width=\"587\" height=\"414\" src=\"https:\/\/www.acdpa.net\/2012WP\/wp-content\/uploads\/2024\/07\/2024-07-14-VVF-La-Saulaie.jpg\" alt=\"\" class=\"wp-image-6880\" srcset=\"https:\/\/www.acdpa.net\/2012WP\/wp-content\/uploads\/2024\/07\/2024-07-14-VVF-La-Saulaie.jpg 587w, https:\/\/www.acdpa.net\/2012WP\/wp-content\/uploads\/2024\/07\/2024-07-14-VVF-La-Saulaie-300x212.jpg 300w, https:\/\/www.acdpa.net\/2012WP\/wp-content\/uploads\/2024\/07\/2024-07-14-VVF-La-Saulaie-425x300.jpg 425w\" sizes=\"auto, (max-width: 587px) 100vw, 587px\" \/><\/a><\/figure>\n<\/div>\n\n\n<p class=\"has-medium-font-size\"><marquee><strong>Au programme :<\/strong> musique et&#8230; balades, dans cette r\u00e9gion\u00a0magnifique, situ\u00e9e pr\u00e8s des <strong>Ch\u00e2teaux de la Loire.<\/strong><\/marquee><\/p>\n\n\n<div class=\"wp-block-image is-style-default\">\n<figure class=\"aligncenter size-full\"><a href=\"https:\/\/www.acdpa.net\/2012WP\/wp-content\/uploads\/2024\/07\/2024-07-28-Atelier-Spectacle_Chedigny_Affiche.jpg\" data-rel=\"lightbox-image-bGlnaHRib3gtaW1hZ2UtMA==\" data-rl_title=\"\" data-rl_caption=\"Stage d&#039;\u00e9t\u00e9 2024 (affiche)\" data-rl_title=\"\" data-rl_caption=\"Stage d&#039;\u00e9t\u00e9 2024 (affiche)\" title=\"\"><img loading=\"lazy\" decoding=\"async\" width=\"567\" height=\"419\" src=\"https:\/\/www.acdpa.net\/2012WP\/wp-content\/uploads\/2024\/07\/2024-07-28-Atelier-Spectacle_Chedigny_Affiche.jpg\" alt=\"\" class=\"wp-image-6881\" srcset=\"https:\/\/www.acdpa.net\/2012WP\/wp-content\/uploads\/2024\/07\/2024-07-28-Atelier-Spectacle_Chedigny_Affiche.jpg 567w, https:\/\/www.acdpa.net\/2012WP\/wp-content\/uploads\/2024\/07\/2024-07-28-Atelier-Spectacle_Chedigny_Affiche-300x222.jpg 300w, https:\/\/www.acdpa.net\/2012WP\/wp-content\/uploads\/2024\/07\/2024-07-28-Atelier-Spectacle_Chedigny_Affiche-406x300.jpg 406w\" sizes=\"auto, (max-width: 567px) 100vw, 567px\" \/><\/a><\/figure>\n<\/div>\n\n\n<p class=\"has-medium-font-size\"><span style=\"text-decoration: underline;\"><strong>\u00c2ge :<\/strong><\/span> 11 \u00e0 18 ans, et musiciens et\/ou chanteurs&nbsp;en herbe&#8230; bienvenus&nbsp;!!!<\/p>\n\n\n\n<p class=\"has-text-align-center has-medium-font-size\">N&rsquo;h\u00e9sitez pas \u00e0 contacter <a href=\"https:\/\/www.acdpa.net\/2012WP\/?p=6637\" data-type=\"link\" data-id=\"https:\/\/www.acdpa.net\/2012WP\/?p=6637\" target=\"_blank\" rel=\"noreferrer noopener\">J<strong>ean-Luc SALMON<\/strong><\/a> au 06 82 95 10 16<\/p>\n<a href=\"https:\/\/www.acdpa.net\/2012WP\/?p=6879\" title=\"Continuer la lecture &rarr;\">Continuer la lecture &rarr;<\/a><\/div><\/li><li><a href=\"https:\/\/www.acdpa.net\/2012WP\/?p=6861\">F\u00eate de la Musique, \u00e0 la M.J.C., dimanche 23 juin 2024<\/a><div class=\"lcp_content\">\n<p class=\"has-text-align-center has-medium-font-size\">Nous sommes heureux de vous convier \u00e0 un concert pour la <strong>F\u00eate de la Musique<\/strong> \u00e0 la <strong>Maison des Jeunes et de la Culture de Sarcelles<\/strong>, le <strong><u>dimanche 23 juin 2024<\/u>, \u00e0 <u>16H00<\/u><\/strong>.<\/p>\n\n\n<div class=\"wp-block-image is-style-default\">\n<figure class=\"aligncenter size-full\"><a href=\"https:\/\/www.acdpa.net\/2012WP\/wp-content\/uploads\/2024\/06\/2024-06-23-Fete-Musique_Logo-Fete-Musique.jpg\" data-rel=\"lightbox-image-bGlnaHRib3gtaW1hZ2UtMA==\" data-rl_title=\"\" data-rl_caption=\"\" data-rl_title=\"\" data-rl_caption=\"\" title=\"\"><img loading=\"lazy\" decoding=\"async\" width=\"563\" height=\"214\" src=\"https:\/\/www.acdpa.net\/2012WP\/wp-content\/uploads\/2024\/06\/2024-06-23-Fete-Musique_Logo-Fete-Musique.jpg\" alt=\"\" class=\"wp-image-6862\" srcset=\"https:\/\/www.acdpa.net\/2012WP\/wp-content\/uploads\/2024\/06\/2024-06-23-Fete-Musique_Logo-Fete-Musique.jpg 563w, https:\/\/www.acdpa.net\/2012WP\/wp-content\/uploads\/2024\/06\/2024-06-23-Fete-Musique_Logo-Fete-Musique-300x114.jpg 300w, https:\/\/www.acdpa.net\/2012WP\/wp-content\/uploads\/2024\/06\/2024-06-23-Fete-Musique_Logo-Fete-Musique-500x190.jpg 500w\" sizes=\"auto, (max-width: 563px) 100vw, 563px\" \/><\/a><\/figure>\n<\/div>\n\n\n<p class=\"has-text-align-center has-medium-font-size\">Vous pourrez y applaudir <strong>les groupes suivants&#8230;<\/strong><\/p>\n\n\n\n<div class=\"wp-block-cover\"><span aria-hidden=\"true\" class=\"wp-block-cover__background has-background-dim\"><\/span><img loading=\"lazy\" decoding=\"async\" width=\"971\" height=\"529\" class=\"wp-block-cover__image-background wp-image-6730\" alt=\"Jean-Luc au clavier ; M\u00e9di, M\u00e9gane, Neyla, Assa et Amour chantent \u00ab\u00a0Jamais assez\u00a0\u00bb\" src=\"https:\/\/www.acdpa.net\/2012WP\/wp-content\/uploads\/2024\/02\/y1r-concert_2.jpg\" data-object-fit=\"cover\" srcset=\"https:\/\/www.acdpa.net\/2012WP\/wp-content\/uploads\/2024\/02\/y1r-concert_2.jpg 971w, https:\/\/www.acdpa.net\/2012WP\/wp-content\/uploads\/2024\/02\/y1r-concert_2-300x163.jpg 300w, https:\/\/www.acdpa.net\/2012WP\/wp-content\/uploads\/2024\/02\/y1r-concert_2-768x418.jpg 768w, https:\/\/www.acdpa.net\/2012WP\/wp-content\/uploads\/2024\/02\/y1r-concert_2-500x272.jpg 500w\" sizes=\"auto, (max-width: 971px) 100vw, 971px\" \/><div class=\"wp-block-cover__inner-container is-layout-flow wp-block-cover-is-layout-flow\">\n<p class=\"has-text-align-center has-large-font-size\">\u00ab <strong>Teenager<\/strong> \u00bb avec <strong>Jean-Luc Salmon<\/strong><\/p>\n\n\n\n<p><\/p>\n<\/div><\/div>\n\n\n\n<p class=\"has-text-align-center has-medium-font-size\"><br><strong>*<\/strong>**<strong>\u00a0\u00a0\u00a0ENTR\u00c9E GRATUITE<\/strong>\u00a0\u00a0\u00a0***<\/p>\n\n\n\n<div class=\"wp-block-cover aligncenter\"><span aria-hidden=\"true\" class=\"wp-block-cover__background has-background-dim\"><\/span><img loading=\"lazy\" decoding=\"async\" width=\"450\" height=\"321\" class=\"wp-block-cover__image-background wp-image-6863\" alt=\"\" src=\"https:\/\/www.acdpa.net\/2012WP\/wp-content\/uploads\/2024\/06\/2024-06-23-Fete-Musique_MJC_NIGHTINGALES.jpg\" data-object-fit=\"cover\" srcset=\"https:\/\/www.acdpa.net\/2012WP\/wp-content\/uploads\/2024\/06\/2024-06-23-Fete-Musique_MJC_NIGHTINGALES.jpg 450w, https:\/\/www.acdpa.net\/2012WP\/wp-content\/uploads\/2024\/06\/2024-06-23-Fete-Musique_MJC_NIGHTINGALES-300x214.jpg 300w, https:\/\/www.acdpa.net\/2012WP\/wp-content\/uploads\/2024\/06\/2024-06-23-Fete-Musique_MJC_NIGHTINGALES-421x300.jpg 421w\" sizes=\"auto, (max-width: 450px) 100vw, 450px\" \/><div class=\"wp-block-cover__inner-container is-layout-flow wp-block-cover-is-layout-flow\">\n<p class=\"has-text-align-center has-large-font-size\">\u00ab <strong>Nightingales<\/strong> \u00bb<\/p>\n<\/div><\/div>\n\n\n\n<p class=\"has-text-align-center has-large-font-size\"><\/p>\n\n\n<div class=\"wp-block-image is-style-default\">\n<figure class=\"aligncenter size-full\"><a href=\"https:\/\/www.acdpa.net\/2012WP\/wp-content\/uploads\/2024\/06\/2024-06-23-Fete-Musique_Logo-MJC.jpg\" data-rel=\"lightbox-image-bGlnaHRib3gtaW1hZ2UtMQ==\" data-rl_title=\"\" data-rl_caption=\"\" data-rl_title=\"\" data-rl_caption=\"\" title=\"\"><img loading=\"lazy\" decoding=\"async\" width=\"249\" height=\"186\" src=\"https:\/\/www.acdpa.net\/2012WP\/wp-content\/uploads\/2024\/06\/2024-06-23-Fete-Musique_Logo-MJC.jpg\" alt=\"\" class=\"wp-image-6864\"\/><\/a><\/figure>\n<\/div><a href=\"https:\/\/www.acdpa.net\/2012WP\/?p=6861\" title=\"Continuer la lecture &rarr;\">Continuer la lecture &rarr;<\/a><\/div><\/li><li><a href=\"https:\/\/www.acdpa.net\/2012WP\/?p=6623\">Concert Samedi 23 D\u00e9cembre 2023, \u00e0 la M.J.C.<\/a><div class=\"lcp_content\">\n<p>D\u00e9cid\u00e9ment, il se passe toujours quelque chose avec l&rsquo;A.C.D.P.A. et \u00ab&nbsp;TEENAGER&nbsp;\u00bb \u00e0 Sarcelles&#8230;<\/p>\n\n\n\n<p class=\"has-medium-font-size\"><strong>Samedi 23 d\u00e9cembre 2023<\/strong>, les \u00ab Teenagers&nbsp;\u00bb feront une petite d\u00e9monstration de leurs talents, sous l&rsquo;oeil de leur directeur artistique, <strong>Jean-Luc Salmon<\/strong>, \u00e0 la <strong>Maison des Jeunes et de la Culture de Sarcelles<\/strong>&#8230; en deuxi\u00e8me partie d&rsquo;apr\u00e8s-midi (nous essaierons de vous donner plus de pr\u00e9cision rapidement).<\/p>\n\n\n\n<p class=\"has-text-align-center has-medium-font-size\">Venez nombreux les encourager&nbsp;&nbsp;&#x1f600;<\/p>\n\n\n\n<pre class=\"wp-block-code\"><code><\/code><\/pre>\n\n\n\n<iframe src=\"https:\/\/www.google.com\/maps\/embed?pb=!1m18!1m12!1m3!1d1427.8467118131593!2d2.3849512833234345!3d48.97857061926713!2m3!1f0!2f0!3f0!3m2!1i1024!2i768!4f13.1!3m3!1m2!1s0x47e66a2d0def4ff1%3A0x95991cd34006698f!2sMaison%20des%20Jeunes%20et%20de%20la%20Culture!5e0!3m2!1sfr!2sfr!4v1702825973293!5m2!1sfr!2sfr\" width=\"600\" height=\"450\" style=\"border:0;\" allowfullscreen=\"\" loading=\"lazy\" referrerpolicy=\"no-referrer-when-downgrade\"><\/iframe>\n\n\n\n<p class=\"has-text-align-center has-medium-font-size\"><strong><span style=\"text-decoration: underline;\">N.B.:<\/span> l&rsquo;entr\u00e9e de la M.J.C. se fait par l&rsquo;all\u00e9e Auguste Rodin<\/strong><\/p>\n\n\n<div class=\"wp-block-image is-style-default\">\n<figure class=\"aligncenter size-full\"><a href=\"https:\/\/www.acdpa.net\/2012WP\/wp-content\/uploads\/2023\/12\/xb7-porte-de-la-mjc.jpg\" data-rel=\"lightbox-image-bGlnaHRib3gtaW1hZ2UtMA==\" data-rl_title=\"\" data-rl_caption=\"Entr\u00e9e de la M.J.C., all\u00e9e Auguste Rodin\" data-rl_title=\"\" data-rl_caption=\"Entr\u00e9e de la M.J.C., all\u00e9e Auguste Rodin\" title=\"\"><img loading=\"lazy\" decoding=\"async\" width=\"483\" height=\"317\" src=\"https:\/\/www.acdpa.net\/2012WP\/wp-content\/uploads\/2023\/12\/xb7-porte-de-la-mjc.jpg\" alt=\"Entr\u00e9e de la M.J.C., all\u00e9e Auguste Rodin\" class=\"wp-image-6630\" srcset=\"https:\/\/www.acdpa.net\/2012WP\/wp-content\/uploads\/2023\/12\/xb7-porte-de-la-mjc.jpg 483w, https:\/\/www.acdpa.net\/2012WP\/wp-content\/uploads\/2023\/12\/xb7-porte-de-la-mjc-300x197.jpg 300w, https:\/\/www.acdpa.net\/2012WP\/wp-content\/uploads\/2023\/12\/xb7-porte-de-la-mjc-457x300.jpg 457w\" sizes=\"auto, (max-width: 483px) 100vw, 483px\" \/><\/a><figcaption class=\"wp-element-caption\">Entr\u00e9e de la M.J.C., <strong>all\u00e9e Auguste Rodin<\/strong><\/figcaption><\/figure>\n<\/div><a href=\"https:\/\/www.acdpa.net\/2012WP\/?p=6623\" title=\"Continuer la lecture &rarr;\">Continuer la lecture &rarr;<\/a><\/div><\/li><\/ul>\n","protected":false},"excerpt":{"rendered":"","protected":false},"author":1,"featured_media":0,"comment_status":"open","ping_status":"open","sticky":false,"template":"","format":"standard","meta":{"footnotes":""},"categories":[4],"tags":[],"class_list":["post-1124","post","type-post","status-publish","format-standard","hentry","category-teenager"],"_links":{"self":[{"href":"https:\/\/www.acdpa.net\/2012WP\/index.php?rest_route=\/wp\/v2\/posts\/1124","targetHints":{"allow":["GET"]}}],"collection":[{"href":"https:\/\/www.acdpa.net\/2012WP\/index.php?rest_route=\/wp\/v2\/posts"}],"about":[{"href":"https:\/\/www.acdpa.net\/2012WP\/index.php?rest_route=\/wp\/v2\/types\/post"}],"author":[{"embeddable":true,"href":"https:\/\/www.acdpa.net\/2012WP\/index.php?rest_route=\/wp\/v2\/users\/1"}],"replies":[{"embeddable":true,"href":"https:\/\/www.acdpa.net\/2012WP\/index.php?rest_route=%2Fwp%2Fv2%2Fcomments&post=1124"}],"version-history":[{"count":21,"href":"https:\/\/www.acdpa.net\/2012WP\/index.php?rest_route=\/wp\/v2\/posts\/1124\/revisions"}],"predecessor-version":[{"id":1167,"href":"https:\/\/www.acdpa.net\/2012WP\/index.php?rest_route=\/wp\/v2\/posts\/1124\/revisions\/1167"}],"wp:attachment":[{"href":"https:\/\/www.acdpa.net\/2012WP\/index.php?rest_route=%2Fwp%2Fv2%2Fmedia&parent=1124"}],"wp:term":[{"taxonomy":"category","embeddable":true,"href":"https:\/\/www.acdpa.net\/2012WP\/index.php?rest_route=%2Fwp%2Fv2%2Fcategories&post=1124"},{"taxonomy":"post_tag","embeddable":true,"href":"https:\/\/www.acdpa.net\/2012WP\/index.php?rest_route=%2Fwp%2Fv2%2Ftags&post=1124"}],"curies":[{"name":"wp","href":"https:\/\/api.w.org\/{rel}","templated":true}]}}